{"id":30424,"date":"2008-02-14T23:12:43","date_gmt":"2008-02-14T23:12:43","guid":{"rendered":"http:\/\/archiv.szolnoktv.hu\/?p=30424"},"modified":"2021-11-17T11:36:33","modified_gmt":"2021-11-17T11:36:33","slug":"spanyol-fal","status":"publish","type":"post","link":"http:\/\/archiv.szolnoktv.hu\/?p=30424","title":{"rendered":"Spanyol fal"},"content":{"rendered":"<div class='booster-block booster-read-block'><\/div><p>\u00dagy t&#251;nik, \u00fajabb sz\u00e1lloda \u00e9p\u00fclhet a Tiszaligetben \u00e9s ehhez ak\u00e1r Spanyolorsz\u00e1gb\u00f3l \u00e9rkezhet a befektet&#245;. Az Iberalta nev&#251; c\u00e9gcsoport ma szerz&#245;d\u00e9st \u00edrt al\u00e1 Szolnokkal arr\u00f3l, hogy f\u00f6lm\u00e9rik az ig\u00e9nyeket a k\u00f6rny\u00e9ken. A spanyol befektet&#245;knek tetszik a v\u00e1ros, a j\u00f6v&#245;t l\u00e1tj\u00e1k benne.<br \/>\nJorge Sanchez Fortez neve ugyan sz\u00e9pen cseng a f\u00fcl sz\u00e1m\u00e1ra, de tal\u00e1n m\u00e9g szebben a lehet&#245;s\u00e9g, amit k\u00edn\u00e1lnak. Az Iberalta nev&#251; c\u00e9gcsoport, amelynek befektet\u00e9si igazgat\u00f3ja a dallamos nev&#251; \u00far, most arra v\u00e1llalkozik, hogy piacelemz\u00e9st k\u00e9sz\u00edtenek, ig\u00e9nyeket m\u00e9rnek f\u00f6l \u00e9s annak alapj\u00e1n d\u00f6ntenek majd beruh\u00e1z\u00e1sr\u00f3l, annak m\u00e9rt\u00e9k\u00e9r&#245;l. Annyi az\u00e9rt kider\u00fclt, hogy egy sz\u00e1lloda bizonyosan \u00e9p\u00fcl ide, valahov\u00e1 erre a ter\u00fcletre a Tiszaligetben, k\u00f6zel a strandf\u00fcrd&#245;h\u00f6z. Mert a gy\u00f3gyv\u00edz nagy kincs, a turista pedig fontos. Hogy a k\u00e9t f\u00e9l egym\u00e1sra tal\u00e1ljon a main\u00e1l is jobban, nos ahhoz kell egy gy\u00f3gysz\u00e1ll\u00f3 vagy esetleg t\u00f6bb is. Itt a v\u00e1rosban, a k\u00f6rny\u00e9ken &#8211; ez m\u00e9g a j\u00f6v&#245;h\u00f6z tartoz\u00f3 t\u00f6rt\u00e9net. A szerz&#245;d&#245; felek nem \u00e9reznek kock\u00e1zatot &#8211; ez Szalay Ferenc \u00e9s Fortez \u00far azonos v\u00e9lem\u00e9nye. A f\u00f6lm\u00e9r\u00e9s viszonylag gyors lesz, az eredm\u00e9nyt egy percig sem rejtik majd v\u00e9ka al\u00e1. Csak b\u00f3linthatunk a spanyol \u00far Szolnokot d\u00edcs\u00e9r&#245; mondatai ut\u00e1n arra is, hogy szerinte nem csak Budapest van Magyarorsz\u00e1gon. Mi m\u00e1r r\u00e9gen tudjuk.<\/p>\n","protected":false},"excerpt":{"rendered":"<p>\u00dagy t&#251;nik, \u00fajabb sz\u00e1lloda \u00e9p\u00fclhet a Tiszaligetben \u00e9s ehhez ak\u00e1r Spanyolorsz\u00e1gb\u00f3l \u00e9rkezhet a befektet&#245;. Az Iberalta nev&#251; c\u00e9gcsoport ma szerz&#245;d\u00e9st \u00edrt al\u00e1 Szolnokkal arr\u00f3l, hogy f\u00f6lm\u00e9rik az ig\u00e9nyeket a k\u00f6rny\u00e9ken. A spanyol befektet&#245;knek tetszik a v\u00e1ros, a j\u00f6v&#245;t l\u00e1tj\u00e1k benne. Jorge Sanchez Fortez neve ugyan sz\u00e9pen cseng a f\u00fcl sz\u00e1m\u00e1ra, de tal\u00e1n m\u00e9g szebben a [&hellip;]<\/p>\n","protected":false},"author":2,"featured_media":0,"comment_status":"open","ping_status":"open","sticky":false,"template":"","format":"standard","meta":[],"categories":[24],"tags":[],"_links":{"self":[{"href":"http:\/\/archiv.szolnoktv.hu\/index.php?rest_route=\/wp\/v2\/posts\/30424"}],"collection":[{"href":"http:\/\/archiv.szolnoktv.hu\/index.php?rest_route=\/wp\/v2\/posts"}],"about":[{"href":"http:\/\/archiv.szolnoktv.hu\/index.php?rest_route=\/wp\/v2\/types\/post"}],"author":[{"embeddable":true,"href":"http:\/\/archiv.szolnoktv.hu\/index.php?rest_route=\/wp\/v2\/users\/2"}],"replies":[{"embeddable":true,"href":"http:\/\/archiv.szolnoktv.hu\/index.php?rest_route=%2Fwp%2Fv2%2Fcomments&post=30424"}],"version-history":[{"count":1,"href":"http:\/\/archiv.szolnoktv.hu\/index.php?rest_route=\/wp\/v2\/posts\/30424\/revisions"}],"predecessor-version":[{"id":30623,"href":"http:\/\/archiv.szolnoktv.hu\/index.php?rest_route=\/wp\/v2\/posts\/30424\/revisions\/30623"}],"wp:attachment":[{"href":"http:\/\/archiv.szolnoktv.hu\/index.php?rest_route=%2Fwp%2Fv2%2Fmedia&parent=30424"}],"wp:term":[{"taxonomy":"category","embeddable":true,"href":"http:\/\/archiv.szolnoktv.hu\/index.php?rest_route=%2Fwp%2Fv2%2Fcategories&post=30424"},{"taxonomy":"post_tag","embeddable":true,"href":"http:\/\/archiv.szolnoktv.hu\/index.php?rest_route=%2Fwp%2Fv2%2Ftags&post=30424"}],"curies":[{"name":"wp","href":"https:\/\/api.w.org\/{rel}","templated":true}]}}