{"id":30423,"date":"2008-02-13T20:07:36","date_gmt":"2008-02-13T20:07:36","guid":{"rendered":"http:\/\/archiv.szolnoktv.hu\/?p=30423"},"modified":"2021-11-17T11:36:33","modified_gmt":"2021-11-17T11:36:33","slug":"feketeszaru-cseresznye","status":"publish","type":"post","link":"http:\/\/archiv.szolnoktv.hu\/?p=30423","title":{"rendered":"Feketesz\u00e1r\u00fa cseresznye"},"content":{"rendered":"<div class='booster-block booster-read-block'><\/div><p>Szerb asszony, magyar f\u00e9rfi. Hunyady S\u00e1ndor darabj\u00e1t, a Feketesz\u00e1r\u00fa csereszny\u00e9t Bal\u00e1zs P\u00e9ter rendez\u00e9s\u00e9ben p\u00e9nteken mutatja be a Szigligeti Sz\u00ednh\u00e1z. Cs\u00fct\u00f6rt\u00f6k\u00f6n m\u00e1r a szakma el\u0151tt lesz a f\u0151pr\u00f3ba. A f\u0151szerepet Selmeczi Roland j\u00e1tszotta volna, de tragikus balesete \u00e9s hal\u00e1la miatt egy pillanatra szinte megb\u00e9nult a sz\u00ednh\u00e1z.<br \/>\nHunyady darabja az els\u0151 vil\u00e1gh\u00e1bor\u00fa v\u00e9g\u00e9n j\u00e1tsz\u00f3dik, m\u00e9g Magyarorsz\u00e1gon kezd\u0151dik, de m\u00e1r Szerbi\u00e1ban \u00e9r v\u00e9get, noha a t\u00f6rt\u00e9net szerint a szerepl\u0151k egy tapodtat sem mozdulnak B\u00e1csk\u00e1b\u00f3l. Gy\u00f6ny\u00f6r\u0171 szerelem, tragikus t\u00f6rt\u00e9nelem &#8211; Trianon el\u0151tt vagyunk, de m\u00e1r B\u00e1csk\u00e1ban szerb a hatalom.<br \/>M\u00e1r hetek \u00f3ta tartottak a pr\u00f3b\u00e1k Selmeczi Rolanddal, amikor egy este j\u00f6tt a tragikus h\u00edr a balesetr\u0151l. A f\u00e9rfi f\u0151szerepet Kautzky Armand vette \u00e1t, neh\u00e9z sz\u00edvvel. Egy darabig hezit\u00e1lt, amikor f\u00f6lk\u00e9rt\u00e9k a szerepre, de azut\u00e1n d\u00f6nt\u00f6tt. Mint az \u00e9letben, a sz\u00edndarabban sincs m\u00e1sk\u00e9nt: a t\u00f6rt\u00e9nelem f\u00f6lforgat mindent, de a szem\u00e9lyes sorsok, bar\u00e1ts\u00e1g, gy\u0171l\u00f6let \u00e9s szerelem meg\u00e1ll\u00edthatatlanul \u00e9l tov\u00e1bb. Trianon k\u00e9s\u0151bbi trag\u00e9di\u00e1ja m\u00e1r r\u00e1vet\u00fcl a mag\u00e1n\u00e9letre.  J\u00f3 darab, kiv\u00e1l\u00f3 szerepek, j\u00f3 sz\u00edn\u00e9szek. Bemutat\u00f3 febru\u00e1r 15-\u00e9n, p\u00e9nteken este h\u00e9tkor.<\/p>\n","protected":false},"excerpt":{"rendered":"<p>Szerb asszony, magyar f\u00e9rfi. Hunyady S\u00e1ndor darabj\u00e1t, a Feketesz\u00e1r\u00fa csereszny\u00e9t Bal\u00e1zs P\u00e9ter rendez\u00e9s\u00e9ben p\u00e9nteken mutatja be a Szigligeti Sz\u00ednh\u00e1z. Cs\u00fct\u00f6rt\u00f6k\u00f6n m\u00e1r a szakma el\u0151tt lesz a f\u0151pr\u00f3ba. A f\u0151szerepet Selmeczi Roland j\u00e1tszotta volna, de tragikus balesete \u00e9s hal\u00e1la miatt egy pillanatra szinte megb\u00e9nult a sz\u00ednh\u00e1z. Hunyady darabja az els\u0151 vil\u00e1gh\u00e1bor\u00fa v\u00e9g\u00e9n j\u00e1tsz\u00f3dik, m\u00e9g Magyarorsz\u00e1gon kezd\u0151dik, [&hellip;]<\/p>\n","protected":false},"author":2,"featured_media":0,"comment_status":"open","ping_status":"open","sticky":false,"template":"","format":"standard","meta":[],"categories":[24],"tags":[],"_links":{"self":[{"href":"http:\/\/archiv.szolnoktv.hu\/index.php?rest_route=\/wp\/v2\/posts\/30423"}],"collection":[{"href":"http:\/\/archiv.szolnoktv.hu\/index.php?rest_route=\/wp\/v2\/posts"}],"about":[{"href":"http:\/\/archiv.szolnoktv.hu\/index.php?rest_route=\/wp\/v2\/types\/post"}],"author":[{"embeddable":true,"href":"http:\/\/archiv.szolnoktv.hu\/index.php?rest_route=\/wp\/v2\/users\/2"}],"replies":[{"embeddable":true,"href":"http:\/\/archiv.szolnoktv.hu\/index.php?rest_route=%2Fwp%2Fv2%2Fcomments&post=30423"}],"version-history":[{"count":1,"href":"http:\/\/archiv.szolnoktv.hu\/index.php?rest_route=\/wp\/v2\/posts\/30423\/revisions"}],"predecessor-version":[{"id":30624,"href":"http:\/\/archiv.szolnoktv.hu\/index.php?rest_route=\/wp\/v2\/posts\/30423\/revisions\/30624"}],"wp:attachment":[{"href":"http:\/\/archiv.szolnoktv.hu\/index.php?rest_route=%2Fwp%2Fv2%2Fmedia&parent=30423"}],"wp:term":[{"taxonomy":"category","embeddable":true,"href":"http:\/\/archiv.szolnoktv.hu\/index.php?rest_route=%2Fwp%2Fv2%2Fcategories&post=30423"},{"taxonomy":"post_tag","embeddable":true,"href":"http:\/\/archiv.szolnoktv.hu\/index.php?rest_route=%2Fwp%2Fv2%2Ftags&post=30423"}],"curies":[{"name":"wp","href":"https:\/\/api.w.org\/{rel}","templated":true}]}}