{"id":30422,"date":"2008-02-13T20:05:56","date_gmt":"2008-02-13T20:05:56","guid":{"rendered":"http:\/\/archiv.szolnoktv.hu\/?p=30422"},"modified":"2021-11-17T11:36:33","modified_gmt":"2021-11-17T11:36:33","slug":"elete-az-egeszsegugy","status":"publish","type":"post","link":"http:\/\/archiv.szolnoktv.hu\/?p=30422","title":{"rendered":"\u00c9lete az eg\u00e9szs\u00e9g\u00fcgy"},"content":{"rendered":"<div class='booster-block booster-read-block'><\/div><p>40 \u00e9v szeretet. Ez jellemzi Simon Magdolna \u00e9let\u00e9t. A Het\u00e9nyi G\u00e9za K\u00f3rh\u00e1z gyermekoszt\u00e1ly\u00e1nak asszisztense 4 \u00e9vtized munka ut\u00e1n ment nyudj\u00edba.<br \/>\nSimon Magdi n\u00e9ni 1948-ban sz\u00fcletett Kunszentm\u00e1rtonban. A n\u0151v\u00e9rk\u00e9pz\u0151t Szolnokon v\u00e9gezte. 1968-t\u00f3l dolgozott a Het\u00e9nyi K\u00f3rh\u00e1z gyermekoszt\u00e1ly\u00e1n el\u0151sz\u00f6r h\u00e1rom m\u0171szakos n\u0151v\u00e9rk\u00e9nt, majd elv\u00e9gezte el\u0151bb az EEG asszisztensi, k\u00e9s\u0151bb az ideg\u00e1pol\u00f3i-gondoz\u00f3i k\u00e9pz\u00e9st. 1978-ban megalakult a gyermek idegoszt\u00e1ly, amelynek 19 \u00e9vig r\u00e9szlegvezet\u0151 f\u0151n\u0151v\u00e9re volt. A 40 \u00e9v alatt sok neh\u00e9zs\u00e9ggel kellett szembe n\u00e9znie, de a szeretet \u00e9s az emp\u00e1tia seg\u00edts\u00e9g\u00e9vel mindent megoldott. Nagyon j\u00f3 \u00e9rz\u00e9kkel fordult a gyerekekhez, akiket szeretet\u00e9vel \u00e9s mes\u00e9ivel mindig meg tudott nyugtatni vagy \u00e9ppen v\u00edgasztalni. Magdi n\u00e9ni a j\u00f6v\u0151ben sem fog unatkozni. Visszak\u00f6lt\u00f6zik sz\u00fcl\u0151v\u00e1ros\u00e1ba, Kunszentm\u00e1rtonba, \u00e9s napjait pihen\u00e9ssel t\u00f6lti majd. De b\u00e1rmihez kezd ezut\u00e1n, egyben biztos: sosem lesz egyed\u00fcl.<\/p>\n","protected":false},"excerpt":{"rendered":"<p>40 \u00e9v szeretet. Ez jellemzi Simon Magdolna \u00e9let\u00e9t. A Het\u00e9nyi G\u00e9za K\u00f3rh\u00e1z gyermekoszt\u00e1ly\u00e1nak asszisztense 4 \u00e9vtized munka ut\u00e1n ment nyudj\u00edba. Simon Magdi n\u00e9ni 1948-ban sz\u00fcletett Kunszentm\u00e1rtonban. A n\u0151v\u00e9rk\u00e9pz\u0151t Szolnokon v\u00e9gezte. 1968-t\u00f3l dolgozott a Het\u00e9nyi K\u00f3rh\u00e1z gyermekoszt\u00e1ly\u00e1n el\u0151sz\u00f6r h\u00e1rom m\u0171szakos n\u0151v\u00e9rk\u00e9nt, majd elv\u00e9gezte el\u0151bb az EEG asszisztensi, k\u00e9s\u0151bb az ideg\u00e1pol\u00f3i-gondoz\u00f3i k\u00e9pz\u00e9st. 1978-ban megalakult a gyermek idegoszt\u00e1ly, [&hellip;]<\/p>\n","protected":false},"author":2,"featured_media":0,"comment_status":"open","ping_status":"open","sticky":false,"template":"","format":"standard","meta":[],"categories":[24],"tags":[],"_links":{"self":[{"href":"http:\/\/archiv.szolnoktv.hu\/index.php?rest_route=\/wp\/v2\/posts\/30422"}],"collection":[{"href":"http:\/\/archiv.szolnoktv.hu\/index.php?rest_route=\/wp\/v2\/posts"}],"about":[{"href":"http:\/\/archiv.szolnoktv.hu\/index.php?rest_route=\/wp\/v2\/types\/post"}],"author":[{"embeddable":true,"href":"http:\/\/archiv.szolnoktv.hu\/index.php?rest_route=\/wp\/v2\/users\/2"}],"replies":[{"embeddable":true,"href":"http:\/\/archiv.szolnoktv.hu\/index.php?rest_route=%2Fwp%2Fv2%2Fcomments&post=30422"}],"version-history":[{"count":1,"href":"http:\/\/archiv.szolnoktv.hu\/index.php?rest_route=\/wp\/v2\/posts\/30422\/revisions"}],"predecessor-version":[{"id":30625,"href":"http:\/\/archiv.szolnoktv.hu\/index.php?rest_route=\/wp\/v2\/posts\/30422\/revisions\/30625"}],"wp:attachment":[{"href":"http:\/\/archiv.szolnoktv.hu\/index.php?rest_route=%2Fwp%2Fv2%2Fmedia&parent=30422"}],"wp:term":[{"taxonomy":"category","embeddable":true,"href":"http:\/\/archiv.szolnoktv.hu\/index.php?rest_route=%2Fwp%2Fv2%2Fcategories&post=30422"},{"taxonomy":"post_tag","embeddable":true,"href":"http:\/\/archiv.szolnoktv.hu\/index.php?rest_route=%2Fwp%2Fv2%2Ftags&post=30422"}],"curies":[{"name":"wp","href":"https:\/\/api.w.org\/{rel}","templated":true}]}}