{"id":30420,"date":"2008-02-13T20:03:44","date_gmt":"2008-02-13T20:03:44","guid":{"rendered":"http:\/\/archiv.szolnoktv.hu\/?p=30420"},"modified":"2021-11-17T11:36:34","modified_gmt":"2021-11-17T11:36:34","slug":"tamad-a-tel","status":"publish","type":"post","link":"http:\/\/archiv.szolnoktv.hu\/?p=30420","title":{"rendered":"T\u00e1mad a t\u00e9l"},"content":{"rendered":"<div class='booster-block booster-read-block'><\/div><p>A h\u00e9tv\u00e9g\u00e9n hideg front \u00e9rkezik haz\u00e1nk f\u00f6l\u00e9. Az eddig kellemesnek mondhat\u00f3 h\u0151m\u00e9rs\u00e9klet jelent\u0151sen visszaesik. \u00c9jszak\u00e1nk\u00e9nt ak\u00e1r m\u00ednusz t\u00edz, de nappak sem mutatnak majd a h\u0151m\u00e9r\u0151k fagypont feletti \u00e9rt\u00e9ket.<br \/>\n\u00c9jszak\u00e1nk\u00e9nt gyakran k\u00f6d van, reggelre pedig rendre d\u00e9r borul a v\u00e1rosra. A korai naps\u00fct\u00e9sben feh\u00e9ren vil\u00e1g\u00edt\u00f3 f\u0171 sz\u00e9p, de a hideg egyik biztos jele is egyben. A d\u00e9li \u00f3r\u00e1kban sincs kimondottan meleg, b\u00e1r ez szinte minden nap m\u00e1s. Tegnap a kellemes id\u0151 miatt, volt aki levetette kab\u00e1tj\u00e1t is, ma pedig m\u00e1r h\u0171v\u00f6s, alig nyolc fok volt. Az ilyenkor szokatlanul enyhe id\u0151j\u00e1r\u00e1s azonban v\u00e1ltozhat. H\u00e9tv\u00e9g\u00e9re komoly leh\u0171l\u00e9st jeleznek a meteorol\u00f3gusok. Az \u00e9szaki, sarkvid\u00e9ki hideg leveg\u0151 csak n\u00e9h\u00e1ny napig okoz n\u00e9mi kellemetlens\u00e9get. Annak azonban mindenk\u00e9ppen \u00f6r\u00fclhet\u00fcnk, hogy b\u00e1r hideg lesz, csapad\u00e9kot nem j\u00f3solnak a szakemberek. Az \u00e9jszakai m\u00ednusz t\u00edz fok nappalra b\u00e1r enyh\u00fcl, a mostani nyolc, olykor 10 fokot meg sem k\u00f6zel\u00edti majd. Mind\u00f6ssze fagypont k\u00f6zeli lesz a h\u0151m\u00e9rs\u00e9klet.<\/p>\n","protected":false},"excerpt":{"rendered":"<p>A h\u00e9tv\u00e9g\u00e9n hideg front \u00e9rkezik haz\u00e1nk f\u00f6l\u00e9. Az eddig kellemesnek mondhat\u00f3 h\u0151m\u00e9rs\u00e9klet jelent\u0151sen visszaesik. \u00c9jszak\u00e1nk\u00e9nt ak\u00e1r m\u00ednusz t\u00edz, de nappak sem mutatnak majd a h\u0151m\u00e9r\u0151k fagypont feletti \u00e9rt\u00e9ket. \u00c9jszak\u00e1nk\u00e9nt gyakran k\u00f6d van, reggelre pedig rendre d\u00e9r borul a v\u00e1rosra. A korai naps\u00fct\u00e9sben feh\u00e9ren vil\u00e1g\u00edt\u00f3 f\u0171 sz\u00e9p, de a hideg egyik biztos jele is egyben. A [&hellip;]<\/p>\n","protected":false},"author":2,"featured_media":0,"comment_status":"open","ping_status":"open","sticky":false,"template":"","format":"standard","meta":[],"categories":[24],"tags":[],"_links":{"self":[{"href":"http:\/\/archiv.szolnoktv.hu\/index.php?rest_route=\/wp\/v2\/posts\/30420"}],"collection":[{"href":"http:\/\/archiv.szolnoktv.hu\/index.php?rest_route=\/wp\/v2\/posts"}],"about":[{"href":"http:\/\/archiv.szolnoktv.hu\/index.php?rest_route=\/wp\/v2\/types\/post"}],"author":[{"embeddable":true,"href":"http:\/\/archiv.szolnoktv.hu\/index.php?rest_route=\/wp\/v2\/users\/2"}],"replies":[{"embeddable":true,"href":"http:\/\/archiv.szolnoktv.hu\/index.php?rest_route=%2Fwp%2Fv2%2Fcomments&post=30420"}],"version-history":[{"count":1,"href":"http:\/\/archiv.szolnoktv.hu\/index.php?rest_route=\/wp\/v2\/posts\/30420\/revisions"}],"predecessor-version":[{"id":30627,"href":"http:\/\/archiv.szolnoktv.hu\/index.php?rest_route=\/wp\/v2\/posts\/30420\/revisions\/30627"}],"wp:attachment":[{"href":"http:\/\/archiv.szolnoktv.hu\/index.php?rest_route=%2Fwp%2Fv2%2Fmedia&parent=30420"}],"wp:term":[{"taxonomy":"category","embeddable":true,"href":"http:\/\/archiv.szolnoktv.hu\/index.php?rest_route=%2Fwp%2Fv2%2Fcategories&post=30420"},{"taxonomy":"post_tag","embeddable":true,"href":"http:\/\/archiv.szolnoktv.hu\/index.php?rest_route=%2Fwp%2Fv2%2Ftags&post=30420"}],"curies":[{"name":"wp","href":"https:\/\/api.w.org\/{rel}","templated":true}]}}