{"id":30419,"date":"2008-02-13T20:02:07","date_gmt":"2008-02-13T20:02:07","guid":{"rendered":"http:\/\/archiv.szolnoktv.hu\/?p=30419"},"modified":"2021-11-17T11:36:34","modified_gmt":"2021-11-17T11:36:34","slug":"bemutatkoztunk","status":"publish","type":"post","link":"http:\/\/archiv.szolnoktv.hu\/?p=30419","title":{"rendered":"Bemutatkoztunk"},"content":{"rendered":"<div class='booster-block booster-read-block'><\/div><p>Tal\u00e1n a n\u00e9z\u0151k is megszokt\u00e1k \u00e9s el is fogadt\u00e1k m\u00e1r meg\u00fajul\u00f3 telev\u00edzi\u00f3nkat. Nem v\u00e9letlen, hogy tov\u00e1bbra is sz\u00e1m\u00edtunk a n\u00e9z\u0151kre, ez\u00e9rt n\u00e9h\u00e1ny \u00fajdons\u00e1ggal ism\u00e9t szolg\u00e1lunk. Err\u0151l besz\u00e9lt\u00fcnk a sajt\u00f3 k\u00e9pvisel\u0151inek.<br \/>\nAki n\u00e9zi, szereti a SzolnokTV-t &#8211; ez az egyik k\u00f6vetkeztet\u00e9se egy k\u00f6zv\u00e9lem\u00e9nykutat\u00e1snak. Az \u00faj m\u0171sorok ismertet\u00e9se el\u0151tt M\u00e1t\u00e9 Zolt\u00e1n a szolnoki f\u0151iskola docense egy f\u00f6lm\u00e9r\u00e9s eredm\u00e9nyeir\u0151l besz\u00e9lt. Az el\u00e9rhet\u0151 k\u00f6z\u00f6ns\u00e9g nyolcvan sz\u00e1zal\u00e9ka m\u00e1r n\u00e9zte ad\u00e1sunkat, ez legal\u00e1bb 335 ezer embert jelent. Ezt szeretn\u00e9nk megtartani \u00e9s ez\u00e9rt \u00faj sorozatok indulnak. A magyar telev\u00edzi\u00f3z\u00e1s egyik els\u0151 \u00e9s nagy siker\u0171 sorozata volt a Guldenburgok \u00f6r\u00f6ks\u00e9ge. Nos, ezt a sorozatot siker\u00fclt megszerezn\u00fcnk \u00e9s kedden illetve cs\u00fct\u00f6rt\u00f6k\u00f6n egy-egy \u00faj r\u00e9szzel tal\u00e1lkozhatnak a k\u00e9perny\u0151n a n\u00e9z\u0151k, k\u00f6zvetlen\u00fcl az Aktu\u00e1lis ut\u00e1n. A fiatalok p\u00e9ntekenk\u00e9nt tal\u00e1lkozhatnak Cozombolissal, aki interakt\u00edv m\u0171sorban teljes\u00edti majd a zenei k\u00edv\u00e1ns\u00e1gokat p\u00e9ntekenk\u00e9nt, este \u00f6tt\u0151l hatig. Most azonban k\u00e9t \u00f3r\u00e1n \u00e1t sz\u00f3l majd zene cs\u00fct\u00f6rt\u00f6k\u00f6n este Cozival \u00e9s telefonon lehet t\u0151le &#8220;n\u00f3t\u00e1t&#8221;&#8221; rendelni. De ez a cs\u00fct\u00f6rt\u00f6k kiv\u00e9teles. Az \u00e9l\u0151 Cozi m\u0171sor teh\u00e1t p\u00e9ntekenk\u00e9nt. Ugyancsak \u00e9l\u0151ben<br \/>\np\u00e9ntekenk\u00e9nt este negyed h\u00e9tt\u0151l programokat aj\u00e1nlunk Szolnokr\u00f3l \u00e9s szerte a megy\u00e9b\u0151l. \u00c9s ugyancsak \u00faj<br \/>\nh\u00fasz r\u00e9szes sorozat l\u00e1that\u00f3 keddenk\u00e9nt  Ezerdv\u00e9gi Magyarorsz\u00e1g c\u00edmmel<\/p>\n","protected":false},"excerpt":{"rendered":"<p>Tal\u00e1n a n\u00e9z\u0151k is megszokt\u00e1k \u00e9s el is fogadt\u00e1k m\u00e1r meg\u00fajul\u00f3 telev\u00edzi\u00f3nkat. Nem v\u00e9letlen, hogy tov\u00e1bbra is sz\u00e1m\u00edtunk a n\u00e9z\u0151kre, ez\u00e9rt n\u00e9h\u00e1ny \u00fajdons\u00e1ggal ism\u00e9t szolg\u00e1lunk. Err\u0151l besz\u00e9lt\u00fcnk a sajt\u00f3 k\u00e9pvisel\u0151inek. Aki n\u00e9zi, szereti a SzolnokTV-t &#8211; ez az egyik k\u00f6vetkeztet\u00e9se egy k\u00f6zv\u00e9lem\u00e9nykutat\u00e1snak. Az \u00faj m\u0171sorok ismertet\u00e9se el\u0151tt M\u00e1t\u00e9 Zolt\u00e1n a szolnoki f\u0151iskola docense egy f\u00f6lm\u00e9r\u00e9s [&hellip;]<\/p>\n","protected":false},"author":2,"featured_media":0,"comment_status":"open","ping_status":"open","sticky":false,"template":"","format":"standard","meta":[],"categories":[24],"tags":[],"_links":{"self":[{"href":"http:\/\/archiv.szolnoktv.hu\/index.php?rest_route=\/wp\/v2\/posts\/30419"}],"collection":[{"href":"http:\/\/archiv.szolnoktv.hu\/index.php?rest_route=\/wp\/v2\/posts"}],"about":[{"href":"http:\/\/archiv.szolnoktv.hu\/index.php?rest_route=\/wp\/v2\/types\/post"}],"author":[{"embeddable":true,"href":"http:\/\/archiv.szolnoktv.hu\/index.php?rest_route=\/wp\/v2\/users\/2"}],"replies":[{"embeddable":true,"href":"http:\/\/archiv.szolnoktv.hu\/index.php?rest_route=%2Fwp%2Fv2%2Fcomments&post=30419"}],"version-history":[{"count":1,"href":"http:\/\/archiv.szolnoktv.hu\/index.php?rest_route=\/wp\/v2\/posts\/30419\/revisions"}],"predecessor-version":[{"id":30628,"href":"http:\/\/archiv.szolnoktv.hu\/index.php?rest_route=\/wp\/v2\/posts\/30419\/revisions\/30628"}],"wp:attachment":[{"href":"http:\/\/archiv.szolnoktv.hu\/index.php?rest_route=%2Fwp%2Fv2%2Fmedia&parent=30419"}],"wp:term":[{"taxonomy":"category","embeddable":true,"href":"http:\/\/archiv.szolnoktv.hu\/index.php?rest_route=%2Fwp%2Fv2%2Fcategories&post=30419"},{"taxonomy":"post_tag","embeddable":true,"href":"http:\/\/archiv.szolnoktv.hu\/index.php?rest_route=%2Fwp%2Fv2%2Ftags&post=30419"}],"curies":[{"name":"wp","href":"https:\/\/api.w.org\/{rel}","templated":true}]}}