{"id":30418,"date":"2008-02-13T19:58:07","date_gmt":"2008-02-13T19:58:07","guid":{"rendered":"http:\/\/archiv.szolnoktv.hu\/?p=30418"},"modified":"2021-11-17T11:36:34","modified_gmt":"2021-11-17T11:36:34","slug":"mentesi-gyakorlat","status":"publish","type":"post","link":"http:\/\/archiv.szolnoktv.hu\/?p=30418","title":{"rendered":"Ment\u00e9si gyakorlat"},"content":{"rendered":"<div class='booster-block booster-read-block'><\/div><p>F\u0151 az el\u0151vigy\u00e1zatoss\u00e1g! K\u00e9t s\u00e9r\u00fcltje van annak a t\u0171znek, mely d\u00e9lel\u0151tt keletkezett a Szolnoki F\u0151iskola koll\u00e9gium\u00e1ban. A t\u0171zolt\u00f3k gyorsan a helysz\u00ednre \u00e9rkeztek, \u00edgy trag\u00e9dia nem t\u00f6rt\u00e9nt. Akkor sem t\u00f6rt\u00e9nt volna, ha val\u00f3di t\u0171zh\u00f6z riasztott\u00e1k volna \u0151ket. A koll\u00e9giumi v\u00e9szhelyzet ugyanis csak kital\u00e1ci\u00f3, \u00e1m a ment\u00e9s menete val\u00f3s.<br \/>\nMind\u00f6ssze 3 perccel a riaszt\u00e1s ut\u00e1n a helysz\u00ednre \u00e9rkeztek a t\u0171zolt\u00f3k. A Szolnoki F\u0151iskola koll\u00e9gium\u00e1nak \u00f6t\u00f6dik emelet\u00e9n a konyha gyulladt ki. A t\u0171zolt\u00f3s\u00e1g ment\u00e9si gyakorlat\u00e1b\u00f3l a f\u00fcst sem hi\u00e1nyozhatott, a j\u00e1r\u00f3kel\u0151k riadtan figyelt\u00e9k, mi t\u00f6rt\u00e9nik a koll\u00e9giumban. A t\u00f6rt\u00e9net szerint k\u00e9t hallgat\u00f3 megs\u00e9r\u00fcl a t\u0171zben, ez\u00e9rt a l\u00e1nglovagok emel\u0151vel mentik ki \u0151ket az \u00e9g\u0151 folyos\u00f3r\u00f3l. A val\u00f3s\u00e1gban azonban nem \u00fct\u00f6tt ki t\u0171z az \u00e9p\u00fcletben \u00e9s a s\u00e9r\u00fclt menek\u00fcl\u0151 di\u00e1kokat is k\u00e9pzett t\u0171zolt\u00f3k helyettes\u00edtett\u00e9k. A v\u00e9szhelyzetekre id\u0151ben \u00e9s alaposan fel kell k\u00e9sz\u00fclni\u00fck a l\u00e1nglovagoknak. Ehhez pedig az \u00e9p\u00fcletek szerkezet\u00e9t, a v\u00edzforr\u00e1si lehet\u0151s\u00e9geket nem csak elm\u00e9letben kell ismerni\u00fck. Nem ez az els\u0151 ehhez hasonl\u00f3 ment\u00e9si gyakorlat Szolnokon. A ment\u00e9s idej\u00e9re az \u00f6t\u00f6dik emeleten lak\u00f3 di\u00e1kokat a k\u00f6nyvt\u00e1rba k\u00fcldt\u00e9k. Nem lep\u0151dtek meg, t\u00f6bb t\u0171zriad\u00f3 is volt m\u00e1r a koll\u00e9giumban. A v\u00e1rosi t\u0171zolt\u00f3parancsnok el\u00e9gedetett volt a l\u00e1nglovagok munk\u00e1j\u00e1val: gyorsan, prec\u00edzen, \u00e9s az el\u0151\u00edr\u00e1soknak megfelel\u0151en v\u00e9gezt\u00e9k a dolgukat.<\/p>\n","protected":false},"excerpt":{"rendered":"<p>F\u0151 az el\u0151vigy\u00e1zatoss\u00e1g! K\u00e9t s\u00e9r\u00fcltje van annak a t\u0171znek, mely d\u00e9lel\u0151tt keletkezett a Szolnoki F\u0151iskola koll\u00e9gium\u00e1ban. A t\u0171zolt\u00f3k gyorsan a helysz\u00ednre \u00e9rkeztek, \u00edgy trag\u00e9dia nem t\u00f6rt\u00e9nt. Akkor sem t\u00f6rt\u00e9nt volna, ha val\u00f3di t\u0171zh\u00f6z riasztott\u00e1k volna \u0151ket. A koll\u00e9giumi v\u00e9szhelyzet ugyanis csak kital\u00e1ci\u00f3, \u00e1m a ment\u00e9s menete val\u00f3s. Mind\u00f6ssze 3 perccel a riaszt\u00e1s ut\u00e1n a helysz\u00ednre [&hellip;]<\/p>\n","protected":false},"author":2,"featured_media":0,"comment_status":"open","ping_status":"open","sticky":false,"template":"","format":"standard","meta":[],"categories":[24],"tags":[],"_links":{"self":[{"href":"http:\/\/archiv.szolnoktv.hu\/index.php?rest_route=\/wp\/v2\/posts\/30418"}],"collection":[{"href":"http:\/\/archiv.szolnoktv.hu\/index.php?rest_route=\/wp\/v2\/posts"}],"about":[{"href":"http:\/\/archiv.szolnoktv.hu\/index.php?rest_route=\/wp\/v2\/types\/post"}],"author":[{"embeddable":true,"href":"http:\/\/archiv.szolnoktv.hu\/index.php?rest_route=\/wp\/v2\/users\/2"}],"replies":[{"embeddable":true,"href":"http:\/\/archiv.szolnoktv.hu\/index.php?rest_route=%2Fwp%2Fv2%2Fcomments&post=30418"}],"version-history":[{"count":1,"href":"http:\/\/archiv.szolnoktv.hu\/index.php?rest_route=\/wp\/v2\/posts\/30418\/revisions"}],"predecessor-version":[{"id":30629,"href":"http:\/\/archiv.szolnoktv.hu\/index.php?rest_route=\/wp\/v2\/posts\/30418\/revisions\/30629"}],"wp:attachment":[{"href":"http:\/\/archiv.szolnoktv.hu\/index.php?rest_route=%2Fwp%2Fv2%2Fmedia&parent=30418"}],"wp:term":[{"taxonomy":"category","embeddable":true,"href":"http:\/\/archiv.szolnoktv.hu\/index.php?rest_route=%2Fwp%2Fv2%2Fcategories&post=30418"},{"taxonomy":"post_tag","embeddable":true,"href":"http:\/\/archiv.szolnoktv.hu\/index.php?rest_route=%2Fwp%2Fv2%2Ftags&post=30418"}],"curies":[{"name":"wp","href":"https:\/\/api.w.org\/{rel}","templated":true}]}}