{"id":30416,"date":"2008-02-13T19:53:04","date_gmt":"2008-02-13T19:53:04","guid":{"rendered":"http:\/\/archiv.szolnoktv.hu\/?p=30416"},"modified":"2021-11-17T11:36:34","modified_gmt":"2021-11-17T11:36:34","slug":"altatjak-a-jatszoteret","status":"publish","type":"post","link":"http:\/\/archiv.szolnoktv.hu\/?p=30416","title":{"rendered":"Altatj\u00e1k a j\u00e1tsz\u00f3teret"},"content":{"rendered":"<div class='booster-block booster-read-block'><\/div><p>Meg\u00e9p\u00fcl a bev\u00e1s\u00e1rl\u00f3 k\u00f6zpont, de nem lehet tudni, lesz-e mellette \u00faj j\u00e1tsz\u00f3t\u00e9r. A Sz\u00e9chenyi-lak\u00f3telepen \u00e9p\u00fcl\u0151, m\u00e1r f\u00e9lk\u00e9sz Tesco \u00e1ruh\u00e1z a tervek szerint m\u00e1jusban nyitja meg kapuit. A meg\u00e1llapod\u00e1s szerint azonban a be\u00e9p\u00edtett ter\u00fclet\u00e9rt cser\u00e9be egy, az eur\u00f3pai uni\u00f3s k\u00f6vetelm\u00e9nyeknek megfelel\u0151 j\u00e1tsz\u00f3teret is kialak\u00edtanak.<br \/>\n2006 december\u00e9ben lakoss\u00e1gi f\u00f3rumra h\u00edvt\u00e1k a Sz\u00e9chenyi-lak\u00f3telepen \u00e9l\u0151ket. A t\u00e9ma szinte mindenkit felr\u00e1zott, egy \u00fajabb bev\u00e1s\u00e1rl\u00f3k\u00f6zpont \u00e9p\u00fclne a v\u00e1rosr\u00e9szben. A megjelentek, b\u00e1r elmondhatt\u00e1k v\u00e9lem\u00e9ny\u00fcket, kifejthett\u00e9k nemtetsz\u00e9s\u00fcket, v\u00e1ltoztatni a t\u00e9nyeken m\u00e1r nem volt es\u00e9ly\u00fck, hi\u00e1ba is tiltakoztak. A telket ugyanis m\u00e9g 2006 tavasz\u00e1n eladta az \u00f6nkorm\u00e1nyzat a Tesco Glob\u00e1l Zrt-nek. Az \u00e1ruh\u00e1zl\u00e1nc vezet\u0151i, hogy kiengesztelj\u00e9k a v\u00e1rosr\u00e9szben \u00e9l\u0151ket, azt \u00edg\u00e9rt\u00e9k, \u00e9p\u00edtenek egy modern, minden k\u00f6vetelm\u00e9nynek megfelel\u0151 j\u00e1tsz\u00f3teret. A lakosok egy r\u00e9sze azonban tov\u00e1bbra sem engedett, al\u00e1\u00edr\u00e1sgy\u0171jt\u00e9sbe kezdett az \u00e1ruh\u00e1z meg\u00e9p\u00fcl\u00e9se ellen. Az \u00e1tad\u00e1s id\u0151pontja \u00edgy elcs\u00faszott, j\u00e1tsz\u00f3t\u00e9r pedig tov\u00e1bbra sincs az 1400 n\u00e9gyzetm\u00e9teres \u00e9p\u00fclet mellett. A k\u00f6rzet k\u00e9pvisel\u0151je, Ferenczn\u00e9 Teleky  \u00c9va annyit azonban elmondott, hogy a j\u00e1tsz\u00f3t\u00e9r meg\u00e9p\u00edt\u00e9s\u00e9r\u0151l az\u00f3ta nem esett sz\u00f3 a felek k\u00f6z\u00f6tt, hiszen a felaj\u00e1nl\u00e1s a c\u00e9g r\u00e9sz\u00e9r\u0151l abban az esetben lett volna \u00e9rv\u00e9nyes, ha m\u00e9g 2007-ben meg tudt\u00e1k volna nyitni \u00faj \u00e1ruh\u00e1zukat. B\u00e1r pr\u00f3b\u00e1ltuk felvenni a kapcsolatot a c\u00e9g illet\u00e9keseivel, egyszer sem vett\u00e9k fel a telefont. \u00cdgy tov\u00e1bbra sem tudni, meg\u00e9p\u00fcl-e a kor\u00e1bban meg\u00edg\u00e9rt j\u00e1tsz\u00f3t\u00e9r.<\/p>\n","protected":false},"excerpt":{"rendered":"<p>Meg\u00e9p\u00fcl a bev\u00e1s\u00e1rl\u00f3 k\u00f6zpont, de nem lehet tudni, lesz-e mellette \u00faj j\u00e1tsz\u00f3t\u00e9r. A Sz\u00e9chenyi-lak\u00f3telepen \u00e9p\u00fcl\u0151, m\u00e1r f\u00e9lk\u00e9sz Tesco \u00e1ruh\u00e1z a tervek szerint m\u00e1jusban nyitja meg kapuit. A meg\u00e1llapod\u00e1s szerint azonban a be\u00e9p\u00edtett ter\u00fclet\u00e9rt cser\u00e9be egy, az eur\u00f3pai uni\u00f3s k\u00f6vetelm\u00e9nyeknek megfelel\u0151 j\u00e1tsz\u00f3teret is kialak\u00edtanak. 2006 december\u00e9ben lakoss\u00e1gi f\u00f3rumra h\u00edvt\u00e1k a Sz\u00e9chenyi-lak\u00f3telepen \u00e9l\u0151ket. A t\u00e9ma szinte mindenkit [&hellip;]<\/p>\n","protected":false},"author":2,"featured_media":0,"comment_status":"open","ping_status":"open","sticky":false,"template":"","format":"standard","meta":[],"categories":[24],"tags":[],"_links":{"self":[{"href":"http:\/\/archiv.szolnoktv.hu\/index.php?rest_route=\/wp\/v2\/posts\/30416"}],"collection":[{"href":"http:\/\/archiv.szolnoktv.hu\/index.php?rest_route=\/wp\/v2\/posts"}],"about":[{"href":"http:\/\/archiv.szolnoktv.hu\/index.php?rest_route=\/wp\/v2\/types\/post"}],"author":[{"embeddable":true,"href":"http:\/\/archiv.szolnoktv.hu\/index.php?rest_route=\/wp\/v2\/users\/2"}],"replies":[{"embeddable":true,"href":"http:\/\/archiv.szolnoktv.hu\/index.php?rest_route=%2Fwp%2Fv2%2Fcomments&post=30416"}],"version-history":[{"count":1,"href":"http:\/\/archiv.szolnoktv.hu\/index.php?rest_route=\/wp\/v2\/posts\/30416\/revisions"}],"predecessor-version":[{"id":30631,"href":"http:\/\/archiv.szolnoktv.hu\/index.php?rest_route=\/wp\/v2\/posts\/30416\/revisions\/30631"}],"wp:attachment":[{"href":"http:\/\/archiv.szolnoktv.hu\/index.php?rest_route=%2Fwp%2Fv2%2Fmedia&parent=30416"}],"wp:term":[{"taxonomy":"category","embeddable":true,"href":"http:\/\/archiv.szolnoktv.hu\/index.php?rest_route=%2Fwp%2Fv2%2Fcategories&post=30416"},{"taxonomy":"post_tag","embeddable":true,"href":"http:\/\/archiv.szolnoktv.hu\/index.php?rest_route=%2Fwp%2Fv2%2Ftags&post=30416"}],"curies":[{"name":"wp","href":"https:\/\/api.w.org\/{rel}","templated":true}]}}