{"id":30415,"date":"2008-02-13T18:42:56","date_gmt":"2008-02-13T18:42:56","guid":{"rendered":"http:\/\/archiv.szolnoktv.hu\/?p=30415"},"modified":"2021-11-17T11:36:34","modified_gmt":"2021-11-17T11:36:34","slug":"arva-paros","status":"publish","type":"post","link":"http:\/\/archiv.szolnoktv.hu\/?p=30415","title":{"rendered":"\u00c1rva p\u00e1ros"},"content":{"rendered":"<div class='booster-block booster-read-block'><\/div><p>K\u00f6sz\u00f6ni elege van a belv\u00e1ros zaj\u00e1b\u00f3l a Hotel Pelik\u00e1n mellett vesztegl\u0151 szek\u00e9rnek. Bizony\u00e1ra sok j\u00e1r\u00f3kel\u0151 fant\u00e1zi\u00e1j\u00e1t mozgatta m\u00e1r meg a szirupos csend\u00e9let \u00e9s lopva tekintett k\u00f6r\u00fcl- hol is a kocsma bej\u00e1rata, ahov\u00e1 a fuvaros bet\u00e9rt.<br \/>De min\u0151 csal\u00f3d\u00e1s- az iv\u00f3 elt\u0171nt, vagy t\u00e1n nem is l\u00e9tezett soha.<br \/>\n&#8230;lehet, hogy h\u0151s\u00fcnk \u00e9pp a szomsz\u00e9dos cip\u0151boltban kutat l\u00e1bbeli ut\u00e1n?&#8230;net\u00e1n a rockbaz\u00e1r kirakat\u00e1ban l\u00e1tott meg valami \u00e9rdekeset? Sokkal val\u00f3sz\u00edn\u0171bb, hogy a lakberendez\u00e9si \u00fczlet v\u00e1laszt\u00e9ka vonzotta. J\u00e1rm\u0171v\u00e9t ugyanis ennek szomsz\u00e9ds\u00e1g\u00e1ban parkolta le.<\/p>\n<p>Nem&#8230; M\u00e9gsem! A keleti rattanfotel \u00e9s pillek\u00f6nny\u0171 sz\u00ednes kelm\u00e9k eg\u00e9sz biztosan haszontalan lomm\u00e1 v\u00e1ln\u00e1nak szik\u00e1r otthon\u00e1ban. Nem is besz\u00e9lve a feny\u0151b\u0151l k\u00e9sz\u00fclt neb\u00e1ntsb\u00fatorokr\u00f3l, melyek k\u00e9rges mark\u00e1ban k\u00f6nnyen beszennyz\u0151dn\u00e9nek, s holmi t\u0171zreval\u00f3n\u00e1l nem vinn\u00e9k ut\u00f3bb t\u00f6bbre&#8230;.<\/p>\n<p>Mereng\u00e9semb\u0151l egy hoz\u00e1m int\u00e9zett k\u00e9rd\u00e9s j\u00f3zan\u00edt ki-&#8221; \u00c9rdekli?.. Elad\u00f3.&#8221;&#8221;<\/p>\n<p>..&#8221;&#8221;nnn.Nem!&#8230; csak \u00fagy n\u00e9zel\u0151d\u00f6k.&#8221;&#8221;- v\u00e1laszolom kurt\u00e1n<br \/>\nf\u00e9lszegen<br \/>\nmik\u00f6zben f\u00e9nyk\u00e9pez\u0151g\u00e9pem \u00fcgyetlen\u00fcl visszatuszkolom tokj\u00e1ba.<\/p>\n<p>Az k\u00e9ne m\u00e9g! Mit kezden\u00e9k \u00e9ppen \u00e9n a rozzant alkalmatoss\u00e1ggal. Nem mondom- a rajta pihen\u0151 hord\u00f3 lehet<\/p>\n","protected":false},"excerpt":{"rendered":"<p>K\u00f6sz\u00f6ni elege van a belv\u00e1ros zaj\u00e1b\u00f3l a Hotel Pelik\u00e1n mellett vesztegl\u0151 szek\u00e9rnek. Bizony\u00e1ra sok j\u00e1r\u00f3kel\u0151 fant\u00e1zi\u00e1j\u00e1t mozgatta m\u00e1r meg a szirupos csend\u00e9let \u00e9s lopva tekintett k\u00f6r\u00fcl- hol is a kocsma bej\u00e1rata, ahov\u00e1 a fuvaros bet\u00e9rt.De min\u0151 csal\u00f3d\u00e1s- az iv\u00f3 elt\u0171nt, vagy t\u00e1n nem is l\u00e9tezett soha. &#8230;lehet, hogy h\u0151s\u00fcnk \u00e9pp a szomsz\u00e9dos cip\u0151boltban kutat l\u00e1bbeli [&hellip;]<\/p>\n","protected":false},"author":2,"featured_media":0,"comment_status":"open","ping_status":"open","sticky":false,"template":"","format":"standard","meta":[],"categories":[24],"tags":[],"_links":{"self":[{"href":"http:\/\/archiv.szolnoktv.hu\/index.php?rest_route=\/wp\/v2\/posts\/30415"}],"collection":[{"href":"http:\/\/archiv.szolnoktv.hu\/index.php?rest_route=\/wp\/v2\/posts"}],"about":[{"href":"http:\/\/archiv.szolnoktv.hu\/index.php?rest_route=\/wp\/v2\/types\/post"}],"author":[{"embeddable":true,"href":"http:\/\/archiv.szolnoktv.hu\/index.php?rest_route=\/wp\/v2\/users\/2"}],"replies":[{"embeddable":true,"href":"http:\/\/archiv.szolnoktv.hu\/index.php?rest_route=%2Fwp%2Fv2%2Fcomments&post=30415"}],"version-history":[{"count":1,"href":"http:\/\/archiv.szolnoktv.hu\/index.php?rest_route=\/wp\/v2\/posts\/30415\/revisions"}],"predecessor-version":[{"id":30632,"href":"http:\/\/archiv.szolnoktv.hu\/index.php?rest_route=\/wp\/v2\/posts\/30415\/revisions\/30632"}],"wp:attachment":[{"href":"http:\/\/archiv.szolnoktv.hu\/index.php?rest_route=%2Fwp%2Fv2%2Fmedia&parent=30415"}],"wp:term":[{"taxonomy":"category","embeddable":true,"href":"http:\/\/archiv.szolnoktv.hu\/index.php?rest_route=%2Fwp%2Fv2%2Fcategories&post=30415"},{"taxonomy":"post_tag","embeddable":true,"href":"http:\/\/archiv.szolnoktv.hu\/index.php?rest_route=%2Fwp%2Fv2%2Ftags&post=30415"}],"curies":[{"name":"wp","href":"https:\/\/api.w.org\/{rel}","templated":true}]}}