{"id":30414,"date":"2008-02-12T20:48:00","date_gmt":"2008-02-12T20:48:00","guid":{"rendered":"http:\/\/archiv.szolnoktv.hu\/?p=30414"},"modified":"2021-11-17T11:36:34","modified_gmt":"2021-11-17T11:36:34","slug":"a-jovo-iskolaja","status":"publish","type":"post","link":"http:\/\/archiv.szolnoktv.hu\/?p=30414","title":{"rendered":"A j\u00f6v\u0151 iskol\u00e1ja"},"content":{"rendered":"<div class='booster-block booster-read-block'><\/div><p>Digit\u00e1lis t\u00e1bla, a tank\u00f6nyvek helyett laptop, interakt\u00edv tananyag &#8211; ez lesz a j\u00f6v\u0151 iskol\u00e1ja Magyarorsz\u00e1gon. Minderr\u0151l Magyar B\u00e1lint tartott t\u00e1j\u00e9koztat\u00f3t ma Szolnokon.<br \/>\nSzolnok volt az els\u0151 \u00e1llom\u00e1sa a Nemzeti Fejleszt\u00e9si \u00dcgyn\u00f6ks\u00e9g \u00e9s az \u00daj Magyarorsz\u00e1g Fejleszt\u00e9si Terv keret\u00e9ben megval\u00f3sul\u00f3 J\u00f6v\u0151 Iskol\u00e1ja program n\u00e9pszer\u0171s\u00edt\u0151 orsz\u00e1gj\u00e1r\u00f3 k\u00f6r\u00fatj\u00e1nak. A programot Dr. Magyar B\u00e1lint \u00e1llamtitk\u00e1r mutatta be a szolnoki k\u00f6z\u00f6ns\u00e9gnek a P\u00e1lfy J\u00e1nos Szakk\u00f6z\u00e9piskol\u00e1ban. A rendezv\u00e9nyek els\u0151dleges c\u00e9lja, hogy a nagyk\u00f6z\u00f6ns\u00e9get megismertesse a j\u00f6v\u0151 oktat\u00e1s\u00e1val az oktat\u00e1s ter\u00fclet\u00e9n megval\u00f3sul\u00f3 \u00e9s megval\u00f3sult fejleszt\u00e9sekkel. A j\u00f6v\u0151 iskol\u00e1ja program t\u00f6bb szinten val\u00f3sul meg. Tervek vannak a tananyagok fejleszt\u00e9s\u00e9re \u00e9s a hozz\u00e1juk kapcsol\u00f3d\u00f3 digit\u00e1lis tananyagok l\u00e9trehoz\u00e1s\u00e1ra, a bels\u0151 iskolai h\u00e1l\u00f3zatok fejleszt\u00e9s\u00e9re, tantermi infotechnol\u00f3giai eszk\u00f6z\u00f6k pl. digit\u00e1lis t\u00e1bla, projektor beszerz\u00e9s\u00e9re. De nemcsak az iskol\u00e1kat c\u00e9lozz\u00e1k a fejleszt\u00e9sek, hanem a di\u00e1kok tanszereit is. A j\u00f6v\u0151 iskol\u00e1j\u00e1t\u00f3l a program k\u00e9sz\u00edt\u0151i azt v\u00e1rj\u00e1k, hogy a di\u00e1kok \u00e9rdelk\u0151d\u00e9s\u00e9t jobban felkeltik a tanul\u00e1s, a tan\u00edt\u00e1si \u00f3r\u00e1k ir\u00e1nt, hiszen az interakt\u00edv eszk\u00f6z\u00f6k\u00f6n kereszt\u00fcl behozhatj\u00e1k a vil\u00e1got a tantermekbe. A tervek szerint ezek a fejleszt\u00e9sek a legt\u00f6bb iskol\u00e1ban &#8211; \u00edgy Szolnokon is &#8211; m\u00e1r a j\u00f6v\u0151 \u00e9v sor\u00e1n, de legk\u00e9s\u0151bb 2013-ig megval\u00f3sulhatnak. \u00c1m v\u00e1rosukban nem minden iskola van erre kell\u0151k\u00e9ppen felk\u00e9sz\u00fclve. 2007 \u00e9s 2013 k\u00f6z\u00f6tt az informatikai eszk\u00f6z\u00f6k beszerz\u00e9s\u00e9re el\u0151re l\u00e1that\u00f3lag \u00f6sszesen 40,11 milli\u00e1rd forint \u00e1ll rendelkez\u00e9sre. Els\u0151 k\u00f6rben a h\u00e1tr\u00e1nyosabb helyzet\u0171 telep\u00fcl\u00e9sek p\u00e1ly\u00e1zhatnak ezekre, illetve azok a telep\u00fcl\u00e9sek, amelyek 40%-os h\u00e1tr\u00e1nyos helyzet\u0171 tanul\u00f3i ar\u00e1nyt meghalad\u00f3 \u00e1ltal\u00e1nos iskol\u00e1val rendelkeznek. A megyei jog\u00fa v\u00e1rosok csak ezek ut\u00e1n p\u00e1ly\u00e1zhatnak.<\/p>\n","protected":false},"excerpt":{"rendered":"<p>Digit\u00e1lis t\u00e1bla, a tank\u00f6nyvek helyett laptop, interakt\u00edv tananyag &#8211; ez lesz a j\u00f6v\u0151 iskol\u00e1ja Magyarorsz\u00e1gon. Minderr\u0151l Magyar B\u00e1lint tartott t\u00e1j\u00e9koztat\u00f3t ma Szolnokon. Szolnok volt az els\u0151 \u00e1llom\u00e1sa a Nemzeti Fejleszt\u00e9si \u00dcgyn\u00f6ks\u00e9g \u00e9s az \u00daj Magyarorsz\u00e1g Fejleszt\u00e9si Terv keret\u00e9ben megval\u00f3sul\u00f3 J\u00f6v\u0151 Iskol\u00e1ja program n\u00e9pszer\u0171s\u00edt\u0151 orsz\u00e1gj\u00e1r\u00f3 k\u00f6r\u00fatj\u00e1nak. A programot Dr. Magyar B\u00e1lint \u00e1llamtitk\u00e1r mutatta be a szolnoki [&hellip;]<\/p>\n","protected":false},"author":2,"featured_media":0,"comment_status":"open","ping_status":"open","sticky":false,"template":"","format":"standard","meta":[],"categories":[24],"tags":[],"_links":{"self":[{"href":"http:\/\/archiv.szolnoktv.hu\/index.php?rest_route=\/wp\/v2\/posts\/30414"}],"collection":[{"href":"http:\/\/archiv.szolnoktv.hu\/index.php?rest_route=\/wp\/v2\/posts"}],"about":[{"href":"http:\/\/archiv.szolnoktv.hu\/index.php?rest_route=\/wp\/v2\/types\/post"}],"author":[{"embeddable":true,"href":"http:\/\/archiv.szolnoktv.hu\/index.php?rest_route=\/wp\/v2\/users\/2"}],"replies":[{"embeddable":true,"href":"http:\/\/archiv.szolnoktv.hu\/index.php?rest_route=%2Fwp%2Fv2%2Fcomments&post=30414"}],"version-history":[{"count":1,"href":"http:\/\/archiv.szolnoktv.hu\/index.php?rest_route=\/wp\/v2\/posts\/30414\/revisions"}],"predecessor-version":[{"id":30633,"href":"http:\/\/archiv.szolnoktv.hu\/index.php?rest_route=\/wp\/v2\/posts\/30414\/revisions\/30633"}],"wp:attachment":[{"href":"http:\/\/archiv.szolnoktv.hu\/index.php?rest_route=%2Fwp%2Fv2%2Fmedia&parent=30414"}],"wp:term":[{"taxonomy":"category","embeddable":true,"href":"http:\/\/archiv.szolnoktv.hu\/index.php?rest_route=%2Fwp%2Fv2%2Fcategories&post=30414"},{"taxonomy":"post_tag","embeddable":true,"href":"http:\/\/archiv.szolnoktv.hu\/index.php?rest_route=%2Fwp%2Fv2%2Ftags&post=30414"}],"curies":[{"name":"wp","href":"https:\/\/api.w.org\/{rel}","templated":true}]}}