{"id":30413,"date":"2008-02-12T20:46:22","date_gmt":"2008-02-12T20:46:22","guid":{"rendered":"http:\/\/archiv.szolnoktv.hu\/?p=30413"},"modified":"2021-11-17T11:36:34","modified_gmt":"2021-11-17T11:36:34","slug":"franciak-a-tiszapartiban","status":"publish","type":"post","link":"http:\/\/archiv.szolnoktv.hu\/?p=30413","title":{"rendered":"Franci\u00e1k a Tiszapartiban"},"content":{"rendered":"<div class='booster-block booster-read-block'><\/div><p>Francia kapcsolat. Szolnoki k\u00f6z\u00e9piskola volt a Magyarorsz\u00e1gra l\u00e1togat\u00f3 francia oktat\u00e1s\u00fcgyi deleg\u00e1ci\u00f3 egyik \u00e1llom\u00e1sa. A Tiszaparti Gimn\u00e1ziumba a magyar k\u00f6z\u00e9pfok\u00fa oktat\u00e1s megismer\u00e9se c\u00e9lj\u00e1b\u00f3l \u00e9rkezett a francia k\u00f6z\u00e9piskol\u00e1k sz\u00f6vets\u00e9g\u00e9nek aleln\u00f6ke \u00e9s nemzetk\u00f6zi titk\u00e1ra.<br \/>\nMa m\u00e9g van k\u00fcl\u00f6nbs\u00e9g egy francia \u00e9s egy magyar k\u00f6z\u00e9piskola k\u00f6z\u00f6tt, de &#8211; rem\u00e9lhetj\u00fck &#8211; hamarosan nem lesz. Ebben seg\u00edthet az a francia k\u00f6zoktat\u00e1si deleg\u00e1ci\u00f3, amelyik ma ell\u00e1togatott   a Tiszaparti Gimn\u00e1zium \u00e9s Hum\u00e1n Szakk\u00f6z\u00e9piskol\u00e1ba. A francia k\u00f6z\u00e9piskol\u00e1k sz\u00f6vets\u00e9g\u00e9nek aleln\u00f6ke \u00e9s nemzetk\u00f6zi titk\u00e1ra a magyar oktat\u00e1s megismer\u00e9se c\u00e9lj\u00e1b\u00f3l \u00e9rkezett Magyarorsz\u00e1gra, \u00e9s l\u00e1togat\u00e1suk egyik \u00e1llom\u00e1sa volt a szolnoki k\u00f6z\u00e9piskola. A l\u00e1togat\u00e1s az\u00e9rt is jelent\u0151s, mert az Eur\u00f3pai Uni\u00f3 Oktat\u00e1si Bizotts\u00e1g\u00e1nak \u00fcl\u00e9s\u00e9n meg\u00e1llapod\u00e1s sz\u00fcletett, hogy a tag\u00e1llamok oktat\u00e1si rendszer\u00e9t egym\u00e1shoz k\u00f6zel\u00edteni kell, inform\u00e1ci\u00f3szerz\u00e9sre, tapasztalatszerz\u00e9sre sz\u00fcks\u00e9g van, \u00e9s e t\u00e9ren a k\u00fcl\u00f6nb\u00f6z\u0151 orsz\u00e1gok egym\u00e1st\u00f3l sokat tanulhatnak. A mai l\u00e1togat\u00e1son ez\u00e9rt az \u00f3ral\u00e1togat\u00e1son \u00e9s a helysz\u00edni tapasztalatszerz\u00e9sen t\u00fal a francia vend\u00e9gek a magyar k\u00f6z\u00e9pfok\u00fa oktat\u00e1s rendszer\u00e9r\u0151l \u00e9s a pedag\u00f3gusok helyzet\u00e9r\u0151l is k\u00e9pet kaphattak az iskola tan\u00e1raival folytatott szakmai megbesz\u00e9l\u00e9sen. A Tiszaparti Gimn\u00e1zium egy\u00e9bk\u00e9nt m\u00e1r r\u00e9g\u00f3ta rendelkezik francia kapcsolatokkal, \u00e9nekkara \u00e9vek \u00f3ta j\u00e1r Franciaorsz\u00e1gba, \u00e9s egy Amiens-i k\u00f6z\u00e9piskol\u00e1val testv\u00e9riskolai kapcsolatot is fenntartanak.<\/p>\n","protected":false},"excerpt":{"rendered":"<p>Francia kapcsolat. Szolnoki k\u00f6z\u00e9piskola volt a Magyarorsz\u00e1gra l\u00e1togat\u00f3 francia oktat\u00e1s\u00fcgyi deleg\u00e1ci\u00f3 egyik \u00e1llom\u00e1sa. A Tiszaparti Gimn\u00e1ziumba a magyar k\u00f6z\u00e9pfok\u00fa oktat\u00e1s megismer\u00e9se c\u00e9lj\u00e1b\u00f3l \u00e9rkezett a francia k\u00f6z\u00e9piskol\u00e1k sz\u00f6vets\u00e9g\u00e9nek aleln\u00f6ke \u00e9s nemzetk\u00f6zi titk\u00e1ra. Ma m\u00e9g van k\u00fcl\u00f6nbs\u00e9g egy francia \u00e9s egy magyar k\u00f6z\u00e9piskola k\u00f6z\u00f6tt, de &#8211; rem\u00e9lhetj\u00fck &#8211; hamarosan nem lesz. Ebben seg\u00edthet az a francia k\u00f6zoktat\u00e1si [&hellip;]<\/p>\n","protected":false},"author":2,"featured_media":0,"comment_status":"open","ping_status":"open","sticky":false,"template":"","format":"standard","meta":[],"categories":[24],"tags":[],"_links":{"self":[{"href":"http:\/\/archiv.szolnoktv.hu\/index.php?rest_route=\/wp\/v2\/posts\/30413"}],"collection":[{"href":"http:\/\/archiv.szolnoktv.hu\/index.php?rest_route=\/wp\/v2\/posts"}],"about":[{"href":"http:\/\/archiv.szolnoktv.hu\/index.php?rest_route=\/wp\/v2\/types\/post"}],"author":[{"embeddable":true,"href":"http:\/\/archiv.szolnoktv.hu\/index.php?rest_route=\/wp\/v2\/users\/2"}],"replies":[{"embeddable":true,"href":"http:\/\/archiv.szolnoktv.hu\/index.php?rest_route=%2Fwp%2Fv2%2Fcomments&post=30413"}],"version-history":[{"count":1,"href":"http:\/\/archiv.szolnoktv.hu\/index.php?rest_route=\/wp\/v2\/posts\/30413\/revisions"}],"predecessor-version":[{"id":30634,"href":"http:\/\/archiv.szolnoktv.hu\/index.php?rest_route=\/wp\/v2\/posts\/30413\/revisions\/30634"}],"wp:attachment":[{"href":"http:\/\/archiv.szolnoktv.hu\/index.php?rest_route=%2Fwp%2Fv2%2Fmedia&parent=30413"}],"wp:term":[{"taxonomy":"category","embeddable":true,"href":"http:\/\/archiv.szolnoktv.hu\/index.php?rest_route=%2Fwp%2Fv2%2Fcategories&post=30413"},{"taxonomy":"post_tag","embeddable":true,"href":"http:\/\/archiv.szolnoktv.hu\/index.php?rest_route=%2Fwp%2Fv2%2Ftags&post=30413"}],"curies":[{"name":"wp","href":"https:\/\/api.w.org\/{rel}","templated":true}]}}