{"id":30411,"date":"2008-02-12T20:14:24","date_gmt":"2008-02-12T20:14:24","guid":{"rendered":"http:\/\/archiv.szolnoktv.hu\/?p=30411"},"modified":"2021-11-17T11:36:34","modified_gmt":"2021-11-17T11:36:34","slug":"a-tpasztalatokat-ertekeltek","status":"publish","type":"post","link":"http:\/\/archiv.szolnoktv.hu\/?p=30411","title":{"rendered":"A tpasztalatokat \u00e9rt\u00e9kelt\u00e9k"},"content":{"rendered":"<div class='booster-block booster-read-block'><\/div><p>Ki\u00fctk\u00f6znek a probl\u00e9m\u00e1k. Ezt mondta az MSZP v\u00e1rosi frakci\u00f3j\u00e1nak vezet\u0151je a belv\u00e1ros \u00e1talak\u00edt\u00e1sa kapcs\u00e1n. A politikus szerint a legnagyobb gondok a k\u00f6zleked\u00e9ssel vannak, amiket mindenk\u00e9ppen fel\u00fcl kell vizsg\u00e1lni.<br \/>\nH\u00e1rom nagy probl\u00e9ma jelentkezett a k\u00f6zleked\u00e9sben, ami\u00f3ta \u00e1talak\u00edtott\u00e1k a v\u00e1ros forgalmi rendj\u00e9t, mondta Cs\u00e1k L\u00e1szl\u00f3, a szocialista p\u00e1rt helyi frakci\u00f3j\u00e1nak vezet\u0151je. Egyik ilyen a Tisza-h\u00edd. B\u00e1r ezzel kor\u00e1bban is gondok voltak, mivel t\u00f6bb aut\u00f3 haszn\u00e1ln\u00e1, mint amennyit torl\u00f3d\u00e1s n\u00e9lk\u00fcl \u00e1t tudna engedni, most ez fokozottan jelentkezik &#8211; \u00e1ll\u00edtja a v\u00e1rosi politikus. A h\u00eddr\u00f3l ugyanis a balra, a Kossuth t\u00e9r fel\u00e9 kanyarod\u00f3k rendre feltartj\u00e1k a m\u00f6g\u00f6tt\u00fck \u00e9rkez\u0151ket a meglehet\u0151sen hossz\u00fa piros jelz\u00e9s miatt. Nem megoldott tov\u00e1bb\u00e1 a f\u0151t\u00e9r \u00fczleteinek akad\u00e1lytalan ell\u00e1t\u00e1sa sem.  Az aut\u00f3sok a kezdeti felh\u00e1borod\u00e1sokon t\u00f6bbnyire t\u00fal vannak, lassan bele t\u00f6r\u0151dnek a sokszor kellemetlen v\u00e1ltoz\u00e1sokba. A k\u00f6zleked\u00e9ssel kapcsolatos tapasztalatokat az illet\u00e9kesek folyamatosan gy\u0171jtik \u00e9s \u00f6sszes\u00edtik. A ny\u00e1r elej\u00e9n, m\u00e1jusban pedig forgalom felm\u00e9r\u00e9seket k\u00e9sz\u00edtenek \u00e9s ha sz\u00fcks\u00e9g lesz r\u00e1, apr\u00f3bb m\u00f3dos\u00edt\u00e1sokkal v\u00e1ltoztathatj\u00e1k meg a forgalmi rendet.<\/p>\n","protected":false},"excerpt":{"rendered":"<p>Ki\u00fctk\u00f6znek a probl\u00e9m\u00e1k. Ezt mondta az MSZP v\u00e1rosi frakci\u00f3j\u00e1nak vezet\u0151je a belv\u00e1ros \u00e1talak\u00edt\u00e1sa kapcs\u00e1n. A politikus szerint a legnagyobb gondok a k\u00f6zleked\u00e9ssel vannak, amiket mindenk\u00e9ppen fel\u00fcl kell vizsg\u00e1lni. H\u00e1rom nagy probl\u00e9ma jelentkezett a k\u00f6zleked\u00e9sben, ami\u00f3ta \u00e1talak\u00edtott\u00e1k a v\u00e1ros forgalmi rendj\u00e9t, mondta Cs\u00e1k L\u00e1szl\u00f3, a szocialista p\u00e1rt helyi frakci\u00f3j\u00e1nak vezet\u0151je. Egyik ilyen a Tisza-h\u00edd. B\u00e1r ezzel [&hellip;]<\/p>\n","protected":false},"author":2,"featured_media":0,"comment_status":"open","ping_status":"open","sticky":false,"template":"","format":"standard","meta":[],"categories":[24],"tags":[],"_links":{"self":[{"href":"http:\/\/archiv.szolnoktv.hu\/index.php?rest_route=\/wp\/v2\/posts\/30411"}],"collection":[{"href":"http:\/\/archiv.szolnoktv.hu\/index.php?rest_route=\/wp\/v2\/posts"}],"about":[{"href":"http:\/\/archiv.szolnoktv.hu\/index.php?rest_route=\/wp\/v2\/types\/post"}],"author":[{"embeddable":true,"href":"http:\/\/archiv.szolnoktv.hu\/index.php?rest_route=\/wp\/v2\/users\/2"}],"replies":[{"embeddable":true,"href":"http:\/\/archiv.szolnoktv.hu\/index.php?rest_route=%2Fwp%2Fv2%2Fcomments&post=30411"}],"version-history":[{"count":1,"href":"http:\/\/archiv.szolnoktv.hu\/index.php?rest_route=\/wp\/v2\/posts\/30411\/revisions"}],"predecessor-version":[{"id":30636,"href":"http:\/\/archiv.szolnoktv.hu\/index.php?rest_route=\/wp\/v2\/posts\/30411\/revisions\/30636"}],"wp:attachment":[{"href":"http:\/\/archiv.szolnoktv.hu\/index.php?rest_route=%2Fwp%2Fv2%2Fmedia&parent=30411"}],"wp:term":[{"taxonomy":"category","embeddable":true,"href":"http:\/\/archiv.szolnoktv.hu\/index.php?rest_route=%2Fwp%2Fv2%2Fcategories&post=30411"},{"taxonomy":"post_tag","embeddable":true,"href":"http:\/\/archiv.szolnoktv.hu\/index.php?rest_route=%2Fwp%2Fv2%2Ftags&post=30411"}],"curies":[{"name":"wp","href":"https:\/\/api.w.org\/{rel}","templated":true}]}}