{"id":30409,"date":"2008-02-12T20:09:52","date_gmt":"2008-02-12T20:09:52","guid":{"rendered":"http:\/\/archiv.szolnoktv.hu\/?p=30409"},"modified":"2021-11-17T11:36:34","modified_gmt":"2021-11-17T11:36:34","slug":"bekamerazzak","status":"publish","type":"post","link":"http:\/\/archiv.szolnoktv.hu\/?p=30409","title":{"rendered":"Bekamer\u00e1zz\u00e1k"},"content":{"rendered":"<div class='booster-block booster-read-block'><\/div><p>A j\u00f6v\u0151 h\u00e9tt\u0151l a v\u00e1ros forgalmasabb pontjait kamer\u00e1k figyelik. Egyel\u0151re m\u00e9g csak az eszk\u00f6z\u00f6k pr\u00f3ba\u00fczeme kezd\u0151dik, de hamarosan hivatalosan is \u00fczembe \u00e1ll\u00edtj\u00e1k azokat. A t\u00e9rfigyel\u0151 rendszer kialak\u00edt\u00e1s\u00e1t\u00f3l a rend\u0151rs\u00e9g a b\u0171ncselekm\u00e9nyek sz\u00e1m\u00e1nak cs\u00f6kken\u00e9s\u00e9t v\u00e1rja.<br \/>\nJ\u00f6v\u0151 h\u00e9tt\u0151l m\u00e1r t\u00e1bl\u00e1k figyelmeztetnek a v\u00e1ros k\u00fcl\u00f6nb\u00f6z\u0151 pontjain arra, hogy t\u00e9rfigyel\u0151 kamer\u00e1k p\u00e1szt\u00e1zz\u00e1k a k\u00f6rny\u00e9ket. A v\u00e1rosban nagy \u00fajdons\u00e1gnak sz\u00e1m\u00edtott, amikor n\u00e9h\u00e1ny \u00e9vvel ezel\u0151tt a Szap\u00e1ry-Baross \u00fat keresztez\u0151d\u00e9s\u00e9be, a szab\u00e1lytalans\u00e1gokat r\u00f6gz\u00edt\u0151 eszk\u00f6z\u00f6ket szereltek. M\u00e1ra, ha nem is az eg\u00e9sz v\u00e1rost, de a legforgalmasabb pontjait, \u00edgy a Szap\u00e1ry, vagy az Ady Endre \u00fat egyes szakaszait, de a Kossuth teret is, ilyen szerkezetek k\u00e9mlelik, vagyis csak k\u00e9mlelhetik, ha megt\u00f6rt\u00e9nik az \u00fczembe helyez\u00e9s\u00fck. A kamer\u00e1k m\u00e1r k\u00e9szen \u00e1llnak, m\u0171k\u00f6dnek is, de a hivatalos pr\u00f3ba\u00fczemet h\u00e9tf\u0151t\u0151l kezdik. Azt, hogy a teszt meddig tart, a rend\u0151rs\u00e9gn\u00e9l nem \u00e1rult\u00e1k el. A 62 milli\u00f3 forint\u00e9rt ki\u00e9p\u00edtett t\u00e9rfigyel\u0151 rendszert\u0151l azt v\u00e1rj\u00e1k a szakemberek, hogy a b\u0171ncselekm\u00e9nyek sz\u00e1m\u00e1t ezzel siker\u00fclhet visszaszor\u00edtaniuk.<\/p>\n","protected":false},"excerpt":{"rendered":"<p>A j\u00f6v\u0151 h\u00e9tt\u0151l a v\u00e1ros forgalmasabb pontjait kamer\u00e1k figyelik. Egyel\u0151re m\u00e9g csak az eszk\u00f6z\u00f6k pr\u00f3ba\u00fczeme kezd\u0151dik, de hamarosan hivatalosan is \u00fczembe \u00e1ll\u00edtj\u00e1k azokat. A t\u00e9rfigyel\u0151 rendszer kialak\u00edt\u00e1s\u00e1t\u00f3l a rend\u0151rs\u00e9g a b\u0171ncselekm\u00e9nyek sz\u00e1m\u00e1nak cs\u00f6kken\u00e9s\u00e9t v\u00e1rja. J\u00f6v\u0151 h\u00e9tt\u0151l m\u00e1r t\u00e1bl\u00e1k figyelmeztetnek a v\u00e1ros k\u00fcl\u00f6nb\u00f6z\u0151 pontjain arra, hogy t\u00e9rfigyel\u0151 kamer\u00e1k p\u00e1szt\u00e1zz\u00e1k a k\u00f6rny\u00e9ket. A v\u00e1rosban nagy \u00fajdons\u00e1gnak sz\u00e1m\u00edtott, [&hellip;]<\/p>\n","protected":false},"author":2,"featured_media":0,"comment_status":"open","ping_status":"open","sticky":false,"template":"","format":"standard","meta":[],"categories":[24],"tags":[],"_links":{"self":[{"href":"http:\/\/archiv.szolnoktv.hu\/index.php?rest_route=\/wp\/v2\/posts\/30409"}],"collection":[{"href":"http:\/\/archiv.szolnoktv.hu\/index.php?rest_route=\/wp\/v2\/posts"}],"about":[{"href":"http:\/\/archiv.szolnoktv.hu\/index.php?rest_route=\/wp\/v2\/types\/post"}],"author":[{"embeddable":true,"href":"http:\/\/archiv.szolnoktv.hu\/index.php?rest_route=\/wp\/v2\/users\/2"}],"replies":[{"embeddable":true,"href":"http:\/\/archiv.szolnoktv.hu\/index.php?rest_route=%2Fwp%2Fv2%2Fcomments&post=30409"}],"version-history":[{"count":1,"href":"http:\/\/archiv.szolnoktv.hu\/index.php?rest_route=\/wp\/v2\/posts\/30409\/revisions"}],"predecessor-version":[{"id":30638,"href":"http:\/\/archiv.szolnoktv.hu\/index.php?rest_route=\/wp\/v2\/posts\/30409\/revisions\/30638"}],"wp:attachment":[{"href":"http:\/\/archiv.szolnoktv.hu\/index.php?rest_route=%2Fwp%2Fv2%2Fmedia&parent=30409"}],"wp:term":[{"taxonomy":"category","embeddable":true,"href":"http:\/\/archiv.szolnoktv.hu\/index.php?rest_route=%2Fwp%2Fv2%2Fcategories&post=30409"},{"taxonomy":"post_tag","embeddable":true,"href":"http:\/\/archiv.szolnoktv.hu\/index.php?rest_route=%2Fwp%2Fv2%2Ftags&post=30409"}],"curies":[{"name":"wp","href":"https:\/\/api.w.org\/{rel}","templated":true}]}}