{"id":30408,"date":"2008-02-11T20:53:10","date_gmt":"2008-02-11T20:53:10","guid":{"rendered":"http:\/\/archiv.szolnoktv.hu\/?p=30408"},"modified":"2021-11-17T11:36:34","modified_gmt":"2021-11-17T11:36:34","slug":"150-eve-sinen","status":"publish","type":"post","link":"http:\/\/archiv.szolnoktv.hu\/?p=30408","title":{"rendered":"150 \u00e9ve s\u00ednen"},"content":{"rendered":"<div class='booster-block booster-read-block'><\/div><p>Vonatok \u00e1llnak a vas\u00fat\u00e1llom\u00e1son. A Tiszavid\u00e9ki Vas\u00fat megalakul\u00e1s\u00e1nak 150-ik \u00e9vfordul\u00f3j\u00e1n v\u00e1ndorki\u00e1ll\u00edt\u00e1s v\u00e1rja az \u00e9rdekl\u0151d\u0151ket a Csom\u00f3ponti M\u0171vel\u0151d\u00e9si H\u00e1zban \u00e9s a vas\u00fat\u00e1llom\u00e1son. Mozdonyok \u00e9s vas\u00fati hidak modelljei, korabeli fot\u00f3k \u00e9s Ferenc J\u00f3zsef vas\u00fati kocsij\u00e1nak b\u00fatorai k\u00edn\u00e1lnak rendk\u00edv\u00fcli \u00e9lm\u00e9nyt.<br \/>\nNem csak korabeli f\u00e9nyk\u00e9peken &#8211; r\u00e9szv\u00e9nyekkel, eredeti eszk\u00f6z\u00f6kkel, valamint k\u00fcl\u00f6nlegess\u00e9gnek sz\u00e1m\u00edt\u00f3 modellek seg\u00edts\u00e9g\u00e9vel mutatja be a K\u00f6zleked\u00e9si M\u00fazeum v\u00e1ndorki\u00e1ll\u00edt\u00e1sa a Tiszavid\u00e9ki Vas\u00fat elm\u00falt 150 \u00e9v\u00e9t. A minden koroszt\u00e1ly sz\u00e1m\u00e1ra \u00e9lm\u00e9nyt jelent\u0151 t\u00e1rlat egyik k\u00fcl\u00f6nlegess\u00e9ge az a b\u00fatorp\u00e1r, mely Ferencz J\u00f3zsef udvarikocsij\u00e1ban szolg\u00e1lta a k\u00e9nyelmet. Szint\u00e9n egyed\u00fcl\u00e1ll\u00f3 a v\u00e1r\u00f3csarnokban l\u00e1that\u00f3 modellcsoport, a &#8220;Pest&#8221;&#8221; nev\u0171 g\u0151zmozdony<br \/>\na hozz\u00e1 tartoz\u00f3 teherkocsikkal \u00e9s h\u00f3ek\u00e9vel. A ki\u00e1ll\u00edt\u00e1s nem csak a vas\u00fatr\u00f3l sz\u00f3l<br \/>\nhanem egy t\u00f6rt\u00e9neti \u00e1ttekint\u00e9st is ny\u00fajt<\/p>\n","protected":false},"excerpt":{"rendered":"<p>Vonatok \u00e1llnak a vas\u00fat\u00e1llom\u00e1son. A Tiszavid\u00e9ki Vas\u00fat megalakul\u00e1s\u00e1nak 150-ik \u00e9vfordul\u00f3j\u00e1n v\u00e1ndorki\u00e1ll\u00edt\u00e1s v\u00e1rja az \u00e9rdekl\u0151d\u0151ket a Csom\u00f3ponti M\u0171vel\u0151d\u00e9si H\u00e1zban \u00e9s a vas\u00fat\u00e1llom\u00e1son. Mozdonyok \u00e9s vas\u00fati hidak modelljei, korabeli fot\u00f3k \u00e9s Ferenc J\u00f3zsef vas\u00fati kocsij\u00e1nak b\u00fatorai k\u00edn\u00e1lnak rendk\u00edv\u00fcli \u00e9lm\u00e9nyt. Nem csak korabeli f\u00e9nyk\u00e9peken &#8211; r\u00e9szv\u00e9nyekkel, eredeti eszk\u00f6z\u00f6kkel, valamint k\u00fcl\u00f6nlegess\u00e9gnek sz\u00e1m\u00edt\u00f3 modellek seg\u00edts\u00e9g\u00e9vel mutatja be a K\u00f6zleked\u00e9si M\u00fazeum [&hellip;]<\/p>\n","protected":false},"author":2,"featured_media":0,"comment_status":"open","ping_status":"open","sticky":false,"template":"","format":"standard","meta":[],"categories":[24],"tags":[],"_links":{"self":[{"href":"http:\/\/archiv.szolnoktv.hu\/index.php?rest_route=\/wp\/v2\/posts\/30408"}],"collection":[{"href":"http:\/\/archiv.szolnoktv.hu\/index.php?rest_route=\/wp\/v2\/posts"}],"about":[{"href":"http:\/\/archiv.szolnoktv.hu\/index.php?rest_route=\/wp\/v2\/types\/post"}],"author":[{"embeddable":true,"href":"http:\/\/archiv.szolnoktv.hu\/index.php?rest_route=\/wp\/v2\/users\/2"}],"replies":[{"embeddable":true,"href":"http:\/\/archiv.szolnoktv.hu\/index.php?rest_route=%2Fwp%2Fv2%2Fcomments&post=30408"}],"version-history":[{"count":1,"href":"http:\/\/archiv.szolnoktv.hu\/index.php?rest_route=\/wp\/v2\/posts\/30408\/revisions"}],"predecessor-version":[{"id":30639,"href":"http:\/\/archiv.szolnoktv.hu\/index.php?rest_route=\/wp\/v2\/posts\/30408\/revisions\/30639"}],"wp:attachment":[{"href":"http:\/\/archiv.szolnoktv.hu\/index.php?rest_route=%2Fwp%2Fv2%2Fmedia&parent=30408"}],"wp:term":[{"taxonomy":"category","embeddable":true,"href":"http:\/\/archiv.szolnoktv.hu\/index.php?rest_route=%2Fwp%2Fv2%2Fcategories&post=30408"},{"taxonomy":"post_tag","embeddable":true,"href":"http:\/\/archiv.szolnoktv.hu\/index.php?rest_route=%2Fwp%2Fv2%2Ftags&post=30408"}],"curies":[{"name":"wp","href":"https:\/\/api.w.org\/{rel}","templated":true}]}}