{"id":30407,"date":"2008-02-11T20:51:48","date_gmt":"2008-02-11T20:51:48","guid":{"rendered":"http:\/\/archiv.szolnoktv.hu\/?p=30407"},"modified":"2021-11-17T11:36:35","modified_gmt":"2021-11-17T11:36:35","slug":"kreativ-tarsadalomfejlesztes","status":"publish","type":"post","link":"http:\/\/archiv.szolnoktv.hu\/?p=30407","title":{"rendered":"Kreat\u00edv t\u00e1rsadalomfejleszt\u00e9s"},"content":{"rendered":"<div class='booster-block booster-read-block'><\/div><p>N\u00f6veln\u00e9 a telep\u00fcl\u00e9s megtart\u00f3 erej\u00e9t, ha kisebb k\u00f6z\u00f6ss\u00e9gi k\u00f6zpontokat hozn\u00e1nak l\u00e9tre a v\u00e1ros k\u00fcl\u00f6nb\u00f6z\u0151 pontjain. A szociol\u00f3gus Szarv\u00e1k Tibor szerint az emberek a nagy parkok, \u00e9s m\u0171vel\u0151d\u00e9si h\u00e1zak mellett ig\u00e9nyeln\u00e9k a kicsi, bar\u00e1ts\u00e1gos tereket is.<br \/>\nAmerik\u00e1b\u00f3l indult el a kreat\u00edv t\u00e1rsadalomfejleszt\u00e9s gondolata. A tengeren t\u00falr\u00f3l \u00e9rkez\u0151 \u00fajabb, tal\u00e1n lehet \u00edgy nevezni, tal\u00e1lm\u00e1ny nem is olyan \u00faj. A modern vil\u00e1gk\u00e9p szinte elmaradhatatlan elemei a hatalmas bev\u00e1s\u00e1rl\u00f3k\u00f6zpontok, vagy pl\u00e1z\u00e1k. Az Egyes\u00fclt \u00c1llamok b\u00e9liek szerint azonban minden telep\u00fcl\u00e9snek sz\u00fcks\u00e9ge van kicsi, k\u00f6z\u00f6ss\u00e9gi terekre. Err\u0151l a t\u00e9m\u00e1r\u00f3l tartott el\u0151ad\u00e1st Dr. Szarv\u00e1k Tibor. A szociol\u00f3gus haz\u00e1nkra vet\u00edtve ezt a gondolatot, azt is kifejtette, nemcsak az embereknek kellenek ezek a terek, de ez \u00e1ltal a telep\u00fcl\u00e9seknek is. Hiszen ha vannak olyan kisebb parkok, esetleg kisebb kultur\u00e1lis programok, amit az emberek sz\u00edvesen l\u00e1togatnak, az n\u00f6veli a v\u00e1rosok megtart\u00f3 erej\u00e9t. B\u00e1r sz\u00fcks\u00e9g van a nagy kultur\u00e1lis k\u00f6zpontokra, a hatalmas terekre, ahol szabadt\u00e9ri koncerteket, programokat lehet szervezni, nem szabad megfeledkezni azokr\u00f3l a helyekr\u0151l sem, amelyek az esetlegesen n\u00e9h\u00e1ny f\u0151s t\u00e1rsas\u00e1goknak kedveznek. Ilyen tereket nem csak lehetne, de a szociol\u00f3gus szerint kellene is kialak\u00edtani t\u00f6bbek k\u00f6z\u00f6tt a Vegyim\u0171vek lak\u00f3telep\u00e9n, az Ind\u00f3h\u00e1z \u00faton, vagy a Gal\u00e9ria k\u00f6zel\u00e9ben. Ezek a ter\u00fcletek ugyanis, vagy s\u0171r\u0171n lakottak, vagy naponta nagyon sok ember fordul meg ott vagy a k\u00f6rny\u00e9k\u00fck\u00f6n.<\/p>\n","protected":false},"excerpt":{"rendered":"<p>N\u00f6veln\u00e9 a telep\u00fcl\u00e9s megtart\u00f3 erej\u00e9t, ha kisebb k\u00f6z\u00f6ss\u00e9gi k\u00f6zpontokat hozn\u00e1nak l\u00e9tre a v\u00e1ros k\u00fcl\u00f6nb\u00f6z\u0151 pontjain. A szociol\u00f3gus Szarv\u00e1k Tibor szerint az emberek a nagy parkok, \u00e9s m\u0171vel\u0151d\u00e9si h\u00e1zak mellett ig\u00e9nyeln\u00e9k a kicsi, bar\u00e1ts\u00e1gos tereket is. Amerik\u00e1b\u00f3l indult el a kreat\u00edv t\u00e1rsadalomfejleszt\u00e9s gondolata. A tengeren t\u00falr\u00f3l \u00e9rkez\u0151 \u00fajabb, tal\u00e1n lehet \u00edgy nevezni, tal\u00e1lm\u00e1ny nem is olyan [&hellip;]<\/p>\n","protected":false},"author":2,"featured_media":0,"comment_status":"open","ping_status":"open","sticky":false,"template":"","format":"standard","meta":[],"categories":[24],"tags":[],"_links":{"self":[{"href":"http:\/\/archiv.szolnoktv.hu\/index.php?rest_route=\/wp\/v2\/posts\/30407"}],"collection":[{"href":"http:\/\/archiv.szolnoktv.hu\/index.php?rest_route=\/wp\/v2\/posts"}],"about":[{"href":"http:\/\/archiv.szolnoktv.hu\/index.php?rest_route=\/wp\/v2\/types\/post"}],"author":[{"embeddable":true,"href":"http:\/\/archiv.szolnoktv.hu\/index.php?rest_route=\/wp\/v2\/users\/2"}],"replies":[{"embeddable":true,"href":"http:\/\/archiv.szolnoktv.hu\/index.php?rest_route=%2Fwp%2Fv2%2Fcomments&post=30407"}],"version-history":[{"count":1,"href":"http:\/\/archiv.szolnoktv.hu\/index.php?rest_route=\/wp\/v2\/posts\/30407\/revisions"}],"predecessor-version":[{"id":30640,"href":"http:\/\/archiv.szolnoktv.hu\/index.php?rest_route=\/wp\/v2\/posts\/30407\/revisions\/30640"}],"wp:attachment":[{"href":"http:\/\/archiv.szolnoktv.hu\/index.php?rest_route=%2Fwp%2Fv2%2Fmedia&parent=30407"}],"wp:term":[{"taxonomy":"category","embeddable":true,"href":"http:\/\/archiv.szolnoktv.hu\/index.php?rest_route=%2Fwp%2Fv2%2Fcategories&post=30407"},{"taxonomy":"post_tag","embeddable":true,"href":"http:\/\/archiv.szolnoktv.hu\/index.php?rest_route=%2Fwp%2Fv2%2Ftags&post=30407"}],"curies":[{"name":"wp","href":"https:\/\/api.w.org\/{rel}","templated":true}]}}