{"id":30405,"date":"2008-02-11T20:47:43","date_gmt":"2008-02-11T20:47:43","guid":{"rendered":"http:\/\/archiv.szolnoktv.hu\/?p=30405"},"modified":"2021-11-17T11:36:35","modified_gmt":"2021-11-17T11:36:35","slug":"bevallasokat-varnak","status":"publish","type":"post","link":"http:\/\/archiv.szolnoktv.hu\/?p=30405","title":{"rendered":"Bevall\u00e1sokat v\u00e1rnak"},"content":{"rendered":"<div class='booster-block booster-read-block'><\/div><p>Eddig 4 ezer szolnoki egy\u00e9ni v\u00e1llalkoz\u00f3 adta m\u00e1r le szem\u00e9lyi j\u00f6vedelemad\u00f3-bevall\u00e1s\u00e1t. Enn\u00e9l csaknem n\u00e9gyszer t\u00f6bb egy\u00e9ni v\u00e1llalkoz\u00f3t\u00f3l v\u00e1r bevall\u00e1st az APEH J\u00e1sz-Nagykun-Szolnok megy\u00e9b\u0151l. Az ad\u00f3hat\u00f3s\u00e1g id\u00e9n t\u00f6bb \u00faj\u00edt\u00e1st is bevezetett.<br \/>\n14 ezer egy\u00e9ni v\u00e1llalkoz\u00f3nak kell leadnia febru\u00e1r 15-ig szem\u00e9lyi j\u00f6vedelemad\u00f3-bevall\u00e1s\u00e1t J\u00e1sz-Nagykun-Szolnok megy\u00e9ben. A f\u0151\u00e1ll\u00e1s\u00fa egy\u00e9ni v\u00e1llalkoz\u00f3knak 2007 \u00f3ta elektronikus \u00faton kell teljes\u00edteni\u00fck bevall\u00e1si k\u00f6telezetts\u00e9g\u00fcket. Az ehhez sz\u00fcks\u00e9ges nyomtatv\u00e1ny az APEH honlapj\u00e1r\u00f3l t\u00f6lthet\u0151 le. Ebben az \u00e9vben  egy \u00fagynevezett bevall\u00e1skorszer\u0171s\u00edt\u00e9s is elindult. L\u00e9trehoztak egy \u00fajfajta nyomtatv\u00e1nykit\u00f6lt\u0151 programot, melyet m\u00e9g egyel\u0151re csak a szem\u00e9lyi j\u00f6vedelemad\u00f3 bevall\u00e1sn\u00e1l lehet haszn\u00e1lni. \u00dajdons\u00e1g m\u00e9g, hogy az egysz\u00e1zal\u00e9kos rendelkez\u0151 nyilatkozat a bevall\u00e1s r\u00e9sz\u00e9t k\u00e9pezi, \u00edgy azzal egy\u00fctt is be lehet k\u00fcldeni. A legt\u00f6bb fejt\u00f6r\u00e9st id\u00e9n a bevall\u00f3knak az \u00fan. nyeres\u00e9gminimumsz\u00e1m\u00edt\u00e1s okozza. A febru\u00e1r 15-diki hat\u00e1rid\u0151 a kieg\u00e9sz\u00edt\u0151 tev\u00e9kenys\u00e9get folytat\u00f3, saj\u00e1t jog\u00fa nyugd\u00edjas egy\u00e9ni v\u00e1llalkoz\u00f3kra is vonatkozik. Nekik viszont nem k\u00f6telez\u0151 az elektronikus bevall\u00e1s. J\u00e1sz-Nagykun-Szolnok megy\u00e9ben ez 5 ezer v\u00e1llalkoz\u00f3t jelent. K\u00f6z\u00fcl\u00fck azok, akik 2007-ben elektronikus \u00faton ny\u00fajtott\u00e1k be bevall\u00e1sukat, id\u00e9n csak egy \u00e9rtes\u00edt\u00e9st kapnak az APEH-t\u0151l a hat\u00e1rid\u0151re vonatkoz\u00f3an. Akik pedig tavaly pap\u00edron nyilatkoztak, id\u00e9n is megkapj\u00e1k az egys\u00e9gcsomagot. Eddig 4 ezer v\u00e1llalkoz\u00f3 m\u00e1r leadta bevall\u00e1s\u00e1t; a t\u00f6bbiek 15-\u00e9n p\u00e9nteken este 6 \u00f3r\u00e1ig tehetik meg az APEH \u00fcgyf\u00e9lszolg\u00e1lat\u00e1n, vagy \u00e9jf\u00e9lig post\u00e1n.<\/p>\n","protected":false},"excerpt":{"rendered":"<p>Eddig 4 ezer szolnoki egy\u00e9ni v\u00e1llalkoz\u00f3 adta m\u00e1r le szem\u00e9lyi j\u00f6vedelemad\u00f3-bevall\u00e1s\u00e1t. Enn\u00e9l csaknem n\u00e9gyszer t\u00f6bb egy\u00e9ni v\u00e1llalkoz\u00f3t\u00f3l v\u00e1r bevall\u00e1st az APEH J\u00e1sz-Nagykun-Szolnok megy\u00e9b\u0151l. Az ad\u00f3hat\u00f3s\u00e1g id\u00e9n t\u00f6bb \u00faj\u00edt\u00e1st is bevezetett. 14 ezer egy\u00e9ni v\u00e1llalkoz\u00f3nak kell leadnia febru\u00e1r 15-ig szem\u00e9lyi j\u00f6vedelemad\u00f3-bevall\u00e1s\u00e1t J\u00e1sz-Nagykun-Szolnok megy\u00e9ben. A f\u0151\u00e1ll\u00e1s\u00fa egy\u00e9ni v\u00e1llalkoz\u00f3knak 2007 \u00f3ta elektronikus \u00faton kell teljes\u00edteni\u00fck bevall\u00e1si k\u00f6telezetts\u00e9g\u00fcket. Az [&hellip;]<\/p>\n","protected":false},"author":2,"featured_media":0,"comment_status":"open","ping_status":"open","sticky":false,"template":"","format":"standard","meta":[],"categories":[24],"tags":[],"_links":{"self":[{"href":"http:\/\/archiv.szolnoktv.hu\/index.php?rest_route=\/wp\/v2\/posts\/30405"}],"collection":[{"href":"http:\/\/archiv.szolnoktv.hu\/index.php?rest_route=\/wp\/v2\/posts"}],"about":[{"href":"http:\/\/archiv.szolnoktv.hu\/index.php?rest_route=\/wp\/v2\/types\/post"}],"author":[{"embeddable":true,"href":"http:\/\/archiv.szolnoktv.hu\/index.php?rest_route=\/wp\/v2\/users\/2"}],"replies":[{"embeddable":true,"href":"http:\/\/archiv.szolnoktv.hu\/index.php?rest_route=%2Fwp%2Fv2%2Fcomments&post=30405"}],"version-history":[{"count":1,"href":"http:\/\/archiv.szolnoktv.hu\/index.php?rest_route=\/wp\/v2\/posts\/30405\/revisions"}],"predecessor-version":[{"id":30642,"href":"http:\/\/archiv.szolnoktv.hu\/index.php?rest_route=\/wp\/v2\/posts\/30405\/revisions\/30642"}],"wp:attachment":[{"href":"http:\/\/archiv.szolnoktv.hu\/index.php?rest_route=%2Fwp%2Fv2%2Fmedia&parent=30405"}],"wp:term":[{"taxonomy":"category","embeddable":true,"href":"http:\/\/archiv.szolnoktv.hu\/index.php?rest_route=%2Fwp%2Fv2%2Fcategories&post=30405"},{"taxonomy":"post_tag","embeddable":true,"href":"http:\/\/archiv.szolnoktv.hu\/index.php?rest_route=%2Fwp%2Fv2%2Ftags&post=30405"}],"curies":[{"name":"wp","href":"https:\/\/api.w.org\/{rel}","templated":true}]}}