{"id":30404,"date":"2008-02-11T20:45:54","date_gmt":"2008-02-11T20:45:54","guid":{"rendered":"http:\/\/archiv.szolnoktv.hu\/?p=30404"},"modified":"2021-11-17T11:36:35","modified_gmt":"2021-11-17T11:36:35","slug":"erdeket-vedenek","status":"publish","type":"post","link":"http:\/\/archiv.szolnoktv.hu\/?p=30404","title":{"rendered":"\u00c9rdeket v\u00e9denek"},"content":{"rendered":"<div class='booster-block booster-read-block'><\/div><p>A Fogyaszt\u00f3i Tan\u00e1csad\u00f3 Iroda, mint arr\u00f3l egy kor\u00e1bbi Aktu\u00e1lisban besz\u00e1moltunk, febru\u00e1r elsej\u00e9n megkezdte m\u0171k\u00f6d\u00e9s\u00e9t a Megyeh\u00e1z\u00e1n. A v\u00e1s\u00e1rl\u00f3i panaszokat az iroda munkat\u00e1rsai nem oldj\u00e1k meg, de k\u00e9szs\u00e9ggel seg\u00edtenek, ha valaki bet\u00e9r hozz\u00e1juk. Eddig azonba nem sokan l\u00e1togatt\u00e1k meg a fogyaszt\u00f3v\u00e9delemben j\u00e1rtas szakembereket.<br \/>\nA Fogyaszt\u00f3i Tan\u00e1csad\u00f3 Iroda megnyit\u00e1s\u00e1t k\u00f6vet\u0151 n\u00e9h\u00e1ny napban mondhatni sokan vett\u00e9k ig\u00e9nybe ingyenes szolg\u00e1ltat\u00e1saikat. Az \u00e9rdekl\u0151d\u00e9s azonban hamar al\u00e1bbhagyott. Az elm\u00falt egy h\u00e9tben  mind\u00f6ssze naponta 6-8 ember k\u00e9rt seg\u00edts\u00e9get. Mint megtudtuk, a panaszosok k\u00f6z\u00f6tt volt olyan is, aki az ellen emelt kifog\u00e1st, hogy cs\u00edkos a t\u00e9v\u00e9j\u00e9nek k\u00e9perny\u0151je. Ezen a probl\u00e9m\u00e1n azonban az iroda munkat\u00e1rsai nem tudtak seg\u00edteni. T\u00f6bbet tudnak viszont tenni olyan esetben, ha egy boltban p\u00e9ld\u00e1ul tiszteletlen\u00fcl b\u00e1nnak a v\u00e1s\u00e1rl\u00f3val. Az iroda jelenleg h\u00e9tf\u0151n \u00e9s cs\u00fct\u00f6rt\u00f6k\u00f6n d\u00e9lel\u0151tt v\u00e1rja a panaszosokat, de hamarosan az eredeti tervnek megfelel\u0151en heti n\u00e9gy alkalommal lesznek nyitva nyolct\u00f3l d\u00e9lig. Cs\u00fct\u00f6rt\u00f6k\u00f6n a fogyaszt\u00f3v\u00e9delmi hat\u00f3s\u00e1gnak hossz\u00edtott \u00fcgyf\u00e9lfogad\u00e1s van, \u00edgy aki nem tud elmenni d\u00e9lel\u0151tt, azt sz\u00edvesen l\u00e1tj\u00e1k d\u00e9lut\u00e1n n\u00e9gyig, szint\u00e9n a megyeh\u00e1z\u00e1n.<\/p>\n","protected":false},"excerpt":{"rendered":"<p>A Fogyaszt\u00f3i Tan\u00e1csad\u00f3 Iroda, mint arr\u00f3l egy kor\u00e1bbi Aktu\u00e1lisban besz\u00e1moltunk, febru\u00e1r elsej\u00e9n megkezdte m\u0171k\u00f6d\u00e9s\u00e9t a Megyeh\u00e1z\u00e1n. A v\u00e1s\u00e1rl\u00f3i panaszokat az iroda munkat\u00e1rsai nem oldj\u00e1k meg, de k\u00e9szs\u00e9ggel seg\u00edtenek, ha valaki bet\u00e9r hozz\u00e1juk. Eddig azonba nem sokan l\u00e1togatt\u00e1k meg a fogyaszt\u00f3v\u00e9delemben j\u00e1rtas szakembereket. A Fogyaszt\u00f3i Tan\u00e1csad\u00f3 Iroda megnyit\u00e1s\u00e1t k\u00f6vet\u0151 n\u00e9h\u00e1ny napban mondhatni sokan vett\u00e9k ig\u00e9nybe ingyenes [&hellip;]<\/p>\n","protected":false},"author":2,"featured_media":0,"comment_status":"open","ping_status":"open","sticky":false,"template":"","format":"standard","meta":[],"categories":[24],"tags":[],"_links":{"self":[{"href":"http:\/\/archiv.szolnoktv.hu\/index.php?rest_route=\/wp\/v2\/posts\/30404"}],"collection":[{"href":"http:\/\/archiv.szolnoktv.hu\/index.php?rest_route=\/wp\/v2\/posts"}],"about":[{"href":"http:\/\/archiv.szolnoktv.hu\/index.php?rest_route=\/wp\/v2\/types\/post"}],"author":[{"embeddable":true,"href":"http:\/\/archiv.szolnoktv.hu\/index.php?rest_route=\/wp\/v2\/users\/2"}],"replies":[{"embeddable":true,"href":"http:\/\/archiv.szolnoktv.hu\/index.php?rest_route=%2Fwp%2Fv2%2Fcomments&post=30404"}],"version-history":[{"count":1,"href":"http:\/\/archiv.szolnoktv.hu\/index.php?rest_route=\/wp\/v2\/posts\/30404\/revisions"}],"predecessor-version":[{"id":30643,"href":"http:\/\/archiv.szolnoktv.hu\/index.php?rest_route=\/wp\/v2\/posts\/30404\/revisions\/30643"}],"wp:attachment":[{"href":"http:\/\/archiv.szolnoktv.hu\/index.php?rest_route=%2Fwp%2Fv2%2Fmedia&parent=30404"}],"wp:term":[{"taxonomy":"category","embeddable":true,"href":"http:\/\/archiv.szolnoktv.hu\/index.php?rest_route=%2Fwp%2Fv2%2Fcategories&post=30404"},{"taxonomy":"post_tag","embeddable":true,"href":"http:\/\/archiv.szolnoktv.hu\/index.php?rest_route=%2Fwp%2Fv2%2Ftags&post=30404"}],"curies":[{"name":"wp","href":"https:\/\/api.w.org\/{rel}","templated":true}]}}