{"id":30403,"date":"2008-02-11T20:44:20","date_gmt":"2008-02-11T20:44:20","guid":{"rendered":"http:\/\/archiv.szolnoktv.hu\/?p=30403"},"modified":"2021-11-17T11:37:14","modified_gmt":"2021-11-17T11:37:14","slug":"uj-eletet-kezdhetnek","status":"publish","type":"post","link":"http:\/\/archiv.szolnoktv.hu\/?p=30403","title":{"rendered":"\u00daj \u00e9letet kezdhetnek"},"content":{"rendered":"<div class='booster-block booster-read-block'><\/div><p>Ny\u00e1r v\u00e9g\u00e9re tizenk\u00e9t fogyat\u00e9kkal \u00e9l\u0151 ember \u00f6n\u00e1ll\u00f3, de legal\u00e1bbis \u00f6n\u00e1l\u00f3bb \u00e9letet kezdhet. Az \u00faj otthon alapjait m\u00e1r lerakt\u00e1k az \u00e9p\u00edt\u0151k, az id\u0151 j\u00f3, a munk\u00e1kat g\u0151zer\u0151vel v\u00e9gzik.<br \/>\nEz az \u00e9p\u00fclet \u00e1llt itt m\u00e9g n\u00e9h\u00e1ny h\u00e9ttel ezel\u0151tt, de lebontott\u00e1k, hogy helyet adjon az \u00fajnak. Az \u00faj, k\u00f6z\u00f6s otthont ilyennek \u00e1lmodta meg a tervez\u0151. \u00c9s itt m\u00e1r l\u00e1that\u00f3k az alapok. Az \u00faj lak\u00f3otthon hamarosan kin\u0151 a f\u00f6ldb\u0151l, \u0151sszel m\u00e1r tizenk\u00e9t fogyat\u00e9kkal \u00e9l\u0151 ember kezdhet \u00f6n\u00e1ll\u00f3 \u00e9letet. A k\u00f6zel k\u00e9tsz\u00e1z n\u00e9gyzetm\u00e9ternyi, k\u00e9tszintes lak\u00f3t\u00e9rben lesz hat szoba, f\u00fcrd\u0151szoba, konyha, \u00e9tkez\u0151 \u00e9s m\u00e1s k\u00f6z\u00f6ss\u00e9gi helyis\u00e9g is. Az \u00e9p\u00fclet m\u00e1r \u00fagy \u00e9p\u00fcl, hogy a mozg\u00e1sban korl\u00e1tozottak is k\u00e9nyelmesen haszn\u00e1lhass\u00e1k. A j\u00f3val t\u00f6bb, mint hatvan milli\u00f3 forintos h\u00e1zat a mai kor ig\u00e9nyei szerint igyekeznek berendezni a magukat legal\u00e1bb r\u00e9szben ell\u00e1tni tud\u00f3 lak\u00f3k sz\u00e1m\u00e1ra. A p\u00e9nzt \u00e1llami forr\u00e1sokb\u00f3l szerezte a v\u00e1ros, a telket az \u00f6nkorm\u00e1nyzat adta.<\/p>\n","protected":false},"excerpt":{"rendered":"<p>Ny\u00e1r v\u00e9g\u00e9re tizenk\u00e9t fogyat\u00e9kkal \u00e9l\u0151 ember \u00f6n\u00e1ll\u00f3, de legal\u00e1bbis \u00f6n\u00e1l\u00f3bb \u00e9letet kezdhet. Az \u00faj otthon alapjait m\u00e1r lerakt\u00e1k az \u00e9p\u00edt\u0151k, az id\u0151 j\u00f3, a munk\u00e1kat g\u0151zer\u0151vel v\u00e9gzik. Ez az \u00e9p\u00fclet \u00e1llt itt m\u00e9g n\u00e9h\u00e1ny h\u00e9ttel ezel\u0151tt, de lebontott\u00e1k, hogy helyet adjon az \u00fajnak. Az \u00faj, k\u00f6z\u00f6s otthont ilyennek \u00e1lmodta meg a tervez\u0151. \u00c9s itt m\u00e1r [&hellip;]<\/p>\n","protected":false},"author":2,"featured_media":0,"comment_status":"open","ping_status":"open","sticky":false,"template":"","format":"standard","meta":[],"categories":[24],"tags":[],"_links":{"self":[{"href":"http:\/\/archiv.szolnoktv.hu\/index.php?rest_route=\/wp\/v2\/posts\/30403"}],"collection":[{"href":"http:\/\/archiv.szolnoktv.hu\/index.php?rest_route=\/wp\/v2\/posts"}],"about":[{"href":"http:\/\/archiv.szolnoktv.hu\/index.php?rest_route=\/wp\/v2\/types\/post"}],"author":[{"embeddable":true,"href":"http:\/\/archiv.szolnoktv.hu\/index.php?rest_route=\/wp\/v2\/users\/2"}],"replies":[{"embeddable":true,"href":"http:\/\/archiv.szolnoktv.hu\/index.php?rest_route=%2Fwp%2Fv2%2Fcomments&post=30403"}],"version-history":[{"count":1,"href":"http:\/\/archiv.szolnoktv.hu\/index.php?rest_route=\/wp\/v2\/posts\/30403\/revisions"}],"predecessor-version":[{"id":30644,"href":"http:\/\/archiv.szolnoktv.hu\/index.php?rest_route=\/wp\/v2\/posts\/30403\/revisions\/30644"}],"wp:attachment":[{"href":"http:\/\/archiv.szolnoktv.hu\/index.php?rest_route=%2Fwp%2Fv2%2Fmedia&parent=30403"}],"wp:term":[{"taxonomy":"category","embeddable":true,"href":"http:\/\/archiv.szolnoktv.hu\/index.php?rest_route=%2Fwp%2Fv2%2Fcategories&post=30403"},{"taxonomy":"post_tag","embeddable":true,"href":"http:\/\/archiv.szolnoktv.hu\/index.php?rest_route=%2Fwp%2Fv2%2Ftags&post=30403"}],"curies":[{"name":"wp","href":"https:\/\/api.w.org\/{rel}","templated":true}]}}