{"id":30402,"date":"2008-02-11T20:43:14","date_gmt":"2008-02-11T20:43:14","guid":{"rendered":"http:\/\/archiv.szolnoktv.hu\/?p=30402"},"modified":"2021-11-17T11:37:14","modified_gmt":"2021-11-17T11:37:14","slug":"kinott-a-foldbol","status":"publish","type":"post","link":"http:\/\/archiv.szolnoktv.hu\/?p=30402","title":{"rendered":"Kin\u0151tt a f\u00f6ldb\u0151l"},"content":{"rendered":"<div class='booster-block booster-read-block'><\/div><p>M\u00e1ra m\u00e1r teljes eg\u00e9sz\u00e9ben kirajzol\u00f3dott a Szolnoki F\u0151iskola Tiszaligetben \u00e9p\u00fcl\u0151 Campusa. A f\u00f6ldszinti szerkezet \u00e1ll, az els\u0151 emelet pill\u00e9rei majd minden\u00fctt elk\u00e9sz\u00fcltek \u00e9s a f\u00f6ldszinti nagyel\u0151ad\u00f3i termek is felismerhet\u0151k. Az eredeti tervekhez k\u00e9pest azonban v\u00e1ltoz\u00e1s lesz, hogy plusz k\u00e9t tankonyha is \u00e9p\u00fcl az els\u0151 emeleten.<br \/>\nAz \u00fctemtervnek megfelel\u0151en halad a Szolnoki F\u0151iskola Campus\u00e1nak \u00e9p\u00edt\u00e9se. Az id\u0151j\u00e1r\u00e1s is kedvez a munk\u00e1nak, \u00edgy m\u00e1ra teljes eg\u00e9sz\u00e9ben felv\u00e1zol\u00f3dott az oktat\u00e1si \u00e9p\u00fclet. A f\u00f6ldszint mennyezet zsaluz\u00e1sa minden\u00fctt elk\u00e9sz\u00fclt, az els\u0151 emelet pill\u00e9rei majd minden\u00fctt \u00e1llnak. A nagyel\u0151ad\u00f3i termek, a liftek, a b\u00fcf\u00e9 \u00e9s a tantermek falaz\u00e1sa -melyet egy szolnoki c\u00e9g v\u00e9gez- folyamatos. Munk\u00e1jukra m\u00e1r ebben a f\u00e1zisban sz\u00fcks\u00e9g van, hiszen ahogy magasodik a szerkezet, \u00fagy kell falaz\u00e1ssal n\u00f6velni az \u00e9p\u00fclet \u00e1ll\u00e9konys\u00e1g\u00e1t is. \u00c9rdekess\u00e9g, hogy az els\u0151 emeleten, az eredeti tervekt\u0151l elt\u00e9r\u0151en k\u00e9t tankonyh\u00e1t is kialak\u00edtanak. Az \u00e9p\u00fcletr\u00e9sz \u00e1ttervez\u00e9se jelenleg t\u00f6rt\u00e9nik. Mivel a kivitelez\u00e9s sor\u00e1n, a k\u00fcl\u00f6nb\u00f6z\u0151 munkaf\u00e1zisokban \u00e1tfed\u00e9sek vannak r\u00e9szhat\u00e1rid\u0151ket nem nagyon lehet eml\u00edteni. M\u00edg a f\u00f6ldszinten m\u00e1r az alj betonoz\u00e1sn\u00e1l \u00e9s a falaz\u00e1sn\u00e1l tartanak \u00e9s n\u00e9hol a l\u00e9pcs\u0151k m\u00e9g k\u00e9sz\u00fclnek, addig az emeleten m\u00e9g csak a pill\u00e9rek ki\u00e9p\u00edt\u00e9se folyik. Egy hat\u00e1rid\u0151 van, amit -ha az id\u0151j\u00e1r\u00e1s is \u00fagy l\u00e1tja j\u00f3nak- tudnak tartani: a november 30-ai befejez\u00e9s.<\/p>\n","protected":false},"excerpt":{"rendered":"<p>M\u00e1ra m\u00e1r teljes eg\u00e9sz\u00e9ben kirajzol\u00f3dott a Szolnoki F\u0151iskola Tiszaligetben \u00e9p\u00fcl\u0151 Campusa. A f\u00f6ldszinti szerkezet \u00e1ll, az els\u0151 emelet pill\u00e9rei majd minden\u00fctt elk\u00e9sz\u00fcltek \u00e9s a f\u00f6ldszinti nagyel\u0151ad\u00f3i termek is felismerhet\u0151k. Az eredeti tervekhez k\u00e9pest azonban v\u00e1ltoz\u00e1s lesz, hogy plusz k\u00e9t tankonyha is \u00e9p\u00fcl az els\u0151 emeleten. Az \u00fctemtervnek megfelel\u0151en halad a Szolnoki F\u0151iskola Campus\u00e1nak \u00e9p\u00edt\u00e9se. Az [&hellip;]<\/p>\n","protected":false},"author":2,"featured_media":0,"comment_status":"open","ping_status":"open","sticky":false,"template":"","format":"standard","meta":[],"categories":[24],"tags":[],"_links":{"self":[{"href":"http:\/\/archiv.szolnoktv.hu\/index.php?rest_route=\/wp\/v2\/posts\/30402"}],"collection":[{"href":"http:\/\/archiv.szolnoktv.hu\/index.php?rest_route=\/wp\/v2\/posts"}],"about":[{"href":"http:\/\/archiv.szolnoktv.hu\/index.php?rest_route=\/wp\/v2\/types\/post"}],"author":[{"embeddable":true,"href":"http:\/\/archiv.szolnoktv.hu\/index.php?rest_route=\/wp\/v2\/users\/2"}],"replies":[{"embeddable":true,"href":"http:\/\/archiv.szolnoktv.hu\/index.php?rest_route=%2Fwp%2Fv2%2Fcomments&post=30402"}],"version-history":[{"count":1,"href":"http:\/\/archiv.szolnoktv.hu\/index.php?rest_route=\/wp\/v2\/posts\/30402\/revisions"}],"predecessor-version":[{"id":30645,"href":"http:\/\/archiv.szolnoktv.hu\/index.php?rest_route=\/wp\/v2\/posts\/30402\/revisions\/30645"}],"wp:attachment":[{"href":"http:\/\/archiv.szolnoktv.hu\/index.php?rest_route=%2Fwp%2Fv2%2Fmedia&parent=30402"}],"wp:term":[{"taxonomy":"category","embeddable":true,"href":"http:\/\/archiv.szolnoktv.hu\/index.php?rest_route=%2Fwp%2Fv2%2Fcategories&post=30402"},{"taxonomy":"post_tag","embeddable":true,"href":"http:\/\/archiv.szolnoktv.hu\/index.php?rest_route=%2Fwp%2Fv2%2Ftags&post=30402"}],"curies":[{"name":"wp","href":"https:\/\/api.w.org\/{rel}","templated":true}]}}