{"id":30401,"date":"2008-02-11T20:41:52","date_gmt":"2008-02-11T20:41:52","guid":{"rendered":"http:\/\/archiv.szolnoktv.hu\/?p=30401"},"modified":"2021-11-17T11:37:15","modified_gmt":"2021-11-17T11:37:15","slug":"tartjak-az-utemtervet","status":"publish","type":"post","link":"http:\/\/archiv.szolnoktv.hu\/?p=30401","title":{"rendered":"Tartj\u00e1k az \u00fctemtervet"},"content":{"rendered":"<div class='booster-block booster-read-block'><\/div><p>A kivitelez\u0151, \u00edg\u00e9ret\u00e9nek megfelel\u0151en febru\u00e1r 29-ig befejezi a cs\u0151vezet\u00e9krendszer meghib\u00e1sod\u00e1s\u00e1t k\u00f6vet\u0151 helyre\u00e1ll\u00edt\u00e1st a Kanizsa Tivadar V\u00e1rosi Tanuszod\u00e1ban. A munk\u00e1latok brutt\u00f3 17 milli\u00f3 forintba ker\u00fclnek.<br \/>\n&#8222;Az uszoda m\u0171szaki okok miatt z\u00e1rva van. V\u00e1rhat\u00f3 nyit\u00e1s m\u00e1rcius.&#8221; Bizakod\u00e1sra ad okot a tanuszoda bej\u00e1rat\u00e1n\u00e1l olvashat\u00f3 \u00faj t\u00e1j\u00e9koztat\u00f3. Bel\u00e9pve a l\u00e9tes\u00edtm\u00e9nybe, m\u00e9g biztat\u00f3bb a k\u00e9p: janu\u00e1r 15-e \u00f3ta folyamatosan dolgozik a kivitelez\u0151. Az\u00f3ta az is kider\u00fclt, hogy a medence vasbeton szerkezete nem s\u00e9r\u00fclt, \u00edgy nem cs\u00fasznak a munk\u00e1latokkal. A kivitelez\u0151 teh\u00e1t tartja az eredeti \u00fctemtervet \u00e9s a p\u00e9nz\u00fcgyi k\u00f6lts\u00e9geket sem l\u00e9pi t\u00fal. Mint ismert, a tanuszod\u00e1t tavaly november 16-\u00e1n az\u00e9rt kellett bez\u00e1rni, mert az el\u00f6regedett, elrozsd\u00e1sodott cs\u0151h\u00e1l\u00f3zat miatt egyre t\u00f6bb v\u00edz folyt el a medenc\u00e9b\u0151l. A most alkalmazott v\u00edzg\u00e9p\u00e9szeti technol\u00f3gia legal\u00e1bb m\u00e9g k\u00e9t \u00e9vtizedig biztos\u00edtja a zavartalan m\u0171k\u00f6d\u00e9st.<\/p>\n","protected":false},"excerpt":{"rendered":"<p>A kivitelez\u0151, \u00edg\u00e9ret\u00e9nek megfelel\u0151en febru\u00e1r 29-ig befejezi a cs\u0151vezet\u00e9krendszer meghib\u00e1sod\u00e1s\u00e1t k\u00f6vet\u0151 helyre\u00e1ll\u00edt\u00e1st a Kanizsa Tivadar V\u00e1rosi Tanuszod\u00e1ban. A munk\u00e1latok brutt\u00f3 17 milli\u00f3 forintba ker\u00fclnek. &#8222;Az uszoda m\u0171szaki okok miatt z\u00e1rva van. V\u00e1rhat\u00f3 nyit\u00e1s m\u00e1rcius.&#8221; Bizakod\u00e1sra ad okot a tanuszoda bej\u00e1rat\u00e1n\u00e1l olvashat\u00f3 \u00faj t\u00e1j\u00e9koztat\u00f3. Bel\u00e9pve a l\u00e9tes\u00edtm\u00e9nybe, m\u00e9g biztat\u00f3bb a k\u00e9p: janu\u00e1r 15-e \u00f3ta folyamatosan dolgozik [&hellip;]<\/p>\n","protected":false},"author":2,"featured_media":0,"comment_status":"open","ping_status":"open","sticky":false,"template":"","format":"standard","meta":[],"categories":[24],"tags":[],"_links":{"self":[{"href":"http:\/\/archiv.szolnoktv.hu\/index.php?rest_route=\/wp\/v2\/posts\/30401"}],"collection":[{"href":"http:\/\/archiv.szolnoktv.hu\/index.php?rest_route=\/wp\/v2\/posts"}],"about":[{"href":"http:\/\/archiv.szolnoktv.hu\/index.php?rest_route=\/wp\/v2\/types\/post"}],"author":[{"embeddable":true,"href":"http:\/\/archiv.szolnoktv.hu\/index.php?rest_route=\/wp\/v2\/users\/2"}],"replies":[{"embeddable":true,"href":"http:\/\/archiv.szolnoktv.hu\/index.php?rest_route=%2Fwp%2Fv2%2Fcomments&post=30401"}],"version-history":[{"count":1,"href":"http:\/\/archiv.szolnoktv.hu\/index.php?rest_route=\/wp\/v2\/posts\/30401\/revisions"}],"predecessor-version":[{"id":30646,"href":"http:\/\/archiv.szolnoktv.hu\/index.php?rest_route=\/wp\/v2\/posts\/30401\/revisions\/30646"}],"wp:attachment":[{"href":"http:\/\/archiv.szolnoktv.hu\/index.php?rest_route=%2Fwp%2Fv2%2Fmedia&parent=30401"}],"wp:term":[{"taxonomy":"category","embeddable":true,"href":"http:\/\/archiv.szolnoktv.hu\/index.php?rest_route=%2Fwp%2Fv2%2Fcategories&post=30401"},{"taxonomy":"post_tag","embeddable":true,"href":"http:\/\/archiv.szolnoktv.hu\/index.php?rest_route=%2Fwp%2Fv2%2Ftags&post=30401"}],"curies":[{"name":"wp","href":"https:\/\/api.w.org\/{rel}","templated":true}]}}