{"id":30400,"date":"2008-02-11T20:32:45","date_gmt":"2008-02-11T20:32:45","guid":{"rendered":"http:\/\/archiv.szolnoktv.hu\/?p=30400"},"modified":"2021-11-17T11:37:15","modified_gmt":"2021-11-17T11:37:15","slug":"dontottek-a-toszegiek","status":"publish","type":"post","link":"http:\/\/archiv.szolnoktv.hu\/?p=30400","title":{"rendered":"D\u00f6nt\u00f6ttek a t\u00f3szegiek"},"content":{"rendered":"<div class='booster-block booster-read-block'><\/div><p>Polg\u00e1rmestert v\u00e1lasztott T\u00f3szeg. A leadott szavazatok t\u00f6bb mint fel\u00e9vel Dr. Gyuricza Mikl\u00f3s f\u00fcggetlen jel\u00f6lt kapott bizalmat. Az id\u0151k\u00f6zi v\u00e1laszt\u00e1st az\u00e9rt kellett ki\u00edrni a telep\u00fcl\u00e9sen, mert a k\u00f6zs\u00e9get 22 \u00e9ven kereszt\u00fcl ir\u00e1ny\u00edt\u00f3 Papp Istv\u00e1n tavaly november 14-\u00e9n megromlott eg\u00e9szs\u00e9g\u00fcgyi \u00e1llapot\u00e1ra hivatkozva, lemondott.<br \/>\nT\u00f3szegen 4 szavaz\u00f3k\u00f6rben adhatta le voks\u00e1t a 3817 v\u00e1laszt\u00e1sra jogosult polg\u00e1r. Reggel 6 \u00e9s este 7 \u00f3ra k\u00f6z\u00f6tt a helyi v\u00e1laszt\u00e1si bizotts\u00e1g \u00e1ltal nyilv\u00e1ntart\u00e1sba vett h\u00e1rom polg\u00e1rmester-jel\u00f6lt k\u00f6z\u00fcl lehetett v\u00e1lasztani. Az urn\u00e1kat v\u00e9g\u00fcl 1964-en kerest\u00e9k fel, a r\u00e9szv\u00e9teli ar\u00e1ny teh\u00e1t 51 sz\u00e1zal\u00e9kos volt. Az id\u0151k\u00f6zi v\u00e1laszt\u00e1s rendben lezajlott, az eredm\u00e9ny a vas\u00e1rnap esti Aktu\u00e1lis els\u0151 kiad\u00e1sa ut\u00e1n v\u00e1lt ismertt\u00e9. Els\u0151 helyen v\u00e9gzett Dr. Gyuricza Mikl\u00f3s f\u00fcggetlen polg\u00e1rmester-jel\u00f6lt 1033 szavazattal, 53 sz\u00e1zal\u00e9kos ar\u00e1nnyal. M\u00e1sodik helyen Martossy Szil\u00e1rd a Fidesz-KDNP jel\u00f6ltje 837 szavazattal, ami 43 sz\u00e1zal\u00e9kos ar\u00e1ny. Harmadik helyen pedig Csizm\u00e1s Guszt\u00e1v f\u00fcggetlen jel\u00f6lt, 4 sz\u00e1zal\u00e9kos v\u00e1laszt\u00e1si ar\u00e1nnyal. Az \u00faj polg\u00e1rmester els\u0151sorban a p\u00e9nz\u00fcgyekre koncentr\u00e1l majd. Dr. Gyuricza Mikl\u00f3s elmondta- szeretn\u00e9 hat\u00e9konyabban kiakn\u00e1zni a p\u00e1ly\u00e1zati lehet\u0151s\u00e9egeket, amihez els\u0151sorban az \u00f6ner\u0151 megteremt\u00e9se most a legfontosabb. A telep\u00fcl\u00e9s \u00faj vezet\u0151je vissza\u00e1ll\u00edtan\u00e1 a &#8220;falugy\u0171l\u00e9s&#8221;&#8221; int\u00e9zm\u00e9ny\u00e9t<br \/>\na k\u00f6zs\u00e9gben \u00e9l\u0151k t\u00e1j\u00e9koztat\u00e1s\u00e1t pedig a helyi telev\u00edzi\u00f3 fel\u00e9leszt\u00e9s\u00e9vel igyekszik hat\u00e9konyabb\u00e1 tenni a j\u00f6v\u0151ben.  &#8221;<\/p>\n","protected":false},"excerpt":{"rendered":"<p>Polg\u00e1rmestert v\u00e1lasztott T\u00f3szeg. A leadott szavazatok t\u00f6bb mint fel\u00e9vel Dr. Gyuricza Mikl\u00f3s f\u00fcggetlen jel\u00f6lt kapott bizalmat. Az id\u0151k\u00f6zi v\u00e1laszt\u00e1st az\u00e9rt kellett ki\u00edrni a telep\u00fcl\u00e9sen, mert a k\u00f6zs\u00e9get 22 \u00e9ven kereszt\u00fcl ir\u00e1ny\u00edt\u00f3 Papp Istv\u00e1n tavaly november 14-\u00e9n megromlott eg\u00e9szs\u00e9g\u00fcgyi \u00e1llapot\u00e1ra hivatkozva, lemondott. T\u00f3szegen 4 szavaz\u00f3k\u00f6rben adhatta le voks\u00e1t a 3817 v\u00e1laszt\u00e1sra jogosult polg\u00e1r. Reggel 6 \u00e9s [&hellip;]<\/p>\n","protected":false},"author":2,"featured_media":0,"comment_status":"open","ping_status":"open","sticky":false,"template":"","format":"standard","meta":[],"categories":[24],"tags":[],"_links":{"self":[{"href":"http:\/\/archiv.szolnoktv.hu\/index.php?rest_route=\/wp\/v2\/posts\/30400"}],"collection":[{"href":"http:\/\/archiv.szolnoktv.hu\/index.php?rest_route=\/wp\/v2\/posts"}],"about":[{"href":"http:\/\/archiv.szolnoktv.hu\/index.php?rest_route=\/wp\/v2\/types\/post"}],"author":[{"embeddable":true,"href":"http:\/\/archiv.szolnoktv.hu\/index.php?rest_route=\/wp\/v2\/users\/2"}],"replies":[{"embeddable":true,"href":"http:\/\/archiv.szolnoktv.hu\/index.php?rest_route=%2Fwp%2Fv2%2Fcomments&post=30400"}],"version-history":[{"count":1,"href":"http:\/\/archiv.szolnoktv.hu\/index.php?rest_route=\/wp\/v2\/posts\/30400\/revisions"}],"predecessor-version":[{"id":30647,"href":"http:\/\/archiv.szolnoktv.hu\/index.php?rest_route=\/wp\/v2\/posts\/30400\/revisions\/30647"}],"wp:attachment":[{"href":"http:\/\/archiv.szolnoktv.hu\/index.php?rest_route=%2Fwp%2Fv2%2Fmedia&parent=30400"}],"wp:term":[{"taxonomy":"category","embeddable":true,"href":"http:\/\/archiv.szolnoktv.hu\/index.php?rest_route=%2Fwp%2Fv2%2Fcategories&post=30400"},{"taxonomy":"post_tag","embeddable":true,"href":"http:\/\/archiv.szolnoktv.hu\/index.php?rest_route=%2Fwp%2Fv2%2Ftags&post=30400"}],"curies":[{"name":"wp","href":"https:\/\/api.w.org\/{rel}","templated":true}]}}