{"id":30399,"date":"2008-02-10T19:33:30","date_gmt":"2008-02-10T19:33:30","guid":{"rendered":"http:\/\/archiv.szolnoktv.hu\/?p=30399"},"modified":"2021-11-17T11:37:15","modified_gmt":"2021-11-17T11:37:15","slug":"szeresd-a-testvered","status":"publish","type":"post","link":"http:\/\/archiv.szolnoktv.hu\/?p=30399","title":{"rendered":"Szeresd a testv\u00e9red!"},"content":{"rendered":"<div class='booster-block booster-read-block'><\/div><p>A testv\u00e9ri szeretetr\u0151l \u00e9nekel Hal\u00e1sz Judit leg\u00fajabb lemez\u00e9n, amit Szolnokon szombat d\u00e9lel\u0151tt mutatott be. A gyerekek k\u00e9r\u00e9s\u00e9nek  persze nem lehetett ellentmondani, \u00edgy a koncerten az \u00faj sz\u00e1mok mellett a Micimack\u00f3t is el\u00e9nekelte.<br \/>\nEz a nap m\u00e1s, mint a t\u00f6bbi &#8211; az Aba- Nov\u00e1k Kultur\u00e1lis K\u00f6zpont nagyterme ugyanis gyerekekkel telt meg szombat d\u00e9lel\u0151tt &#8211;kedvenc\u00fck, Hal\u00e1sz Judit koncertezett. Az \u00e9nekesn\u0151 leg\u00fajabb lemez\u00e9t mutatta be:  nemr\u00e9g jelent meg 15. gyerekalbuma. Persze ez sem csak a legkisebbeknek sz\u00f3l, hanem azoknak a legh\u0171s\u00e9gesebb rajong\u00f3knak is, akik az \u00e9vek folyam\u00e1n m\u00e1r feln\u0151tt\u00e9, esetleg sz\u00fcl\u0151v\u00e9 cseperedtek. Az \u00faj albummal els\u0151sorban a testv\u00e9ri szeretetre tan\u00edtja a gyerekeket. Val\u00f3sz\u00edn\u0171leg mai is igaza van annak a Hal\u00e1sz Judit sz\u00e1mnak, mely azt mondja: Minden v\u00e1ltozik k\u00f6r\u00fcl\u00f6tt\u00fcnk, de a dal az ugyanaz marad, hogy hull a h\u00f3, \u00e9s h\u00f3zik, Micimack\u00f3 f\u00e1zik.<\/p>\n","protected":false},"excerpt":{"rendered":"<p>A testv\u00e9ri szeretetr\u0151l \u00e9nekel Hal\u00e1sz Judit leg\u00fajabb lemez\u00e9n, amit Szolnokon szombat d\u00e9lel\u0151tt mutatott be. A gyerekek k\u00e9r\u00e9s\u00e9nek persze nem lehetett ellentmondani, \u00edgy a koncerten az \u00faj sz\u00e1mok mellett a Micimack\u00f3t is el\u00e9nekelte. Ez a nap m\u00e1s, mint a t\u00f6bbi &#8211; az Aba- Nov\u00e1k Kultur\u00e1lis K\u00f6zpont nagyterme ugyanis gyerekekkel telt meg szombat d\u00e9lel\u0151tt &#8211;kedvenc\u00fck, Hal\u00e1sz Judit [&hellip;]<\/p>\n","protected":false},"author":2,"featured_media":0,"comment_status":"open","ping_status":"open","sticky":false,"template":"","format":"standard","meta":[],"categories":[24],"tags":[],"_links":{"self":[{"href":"http:\/\/archiv.szolnoktv.hu\/index.php?rest_route=\/wp\/v2\/posts\/30399"}],"collection":[{"href":"http:\/\/archiv.szolnoktv.hu\/index.php?rest_route=\/wp\/v2\/posts"}],"about":[{"href":"http:\/\/archiv.szolnoktv.hu\/index.php?rest_route=\/wp\/v2\/types\/post"}],"author":[{"embeddable":true,"href":"http:\/\/archiv.szolnoktv.hu\/index.php?rest_route=\/wp\/v2\/users\/2"}],"replies":[{"embeddable":true,"href":"http:\/\/archiv.szolnoktv.hu\/index.php?rest_route=%2Fwp%2Fv2%2Fcomments&post=30399"}],"version-history":[{"count":1,"href":"http:\/\/archiv.szolnoktv.hu\/index.php?rest_route=\/wp\/v2\/posts\/30399\/revisions"}],"predecessor-version":[{"id":30648,"href":"http:\/\/archiv.szolnoktv.hu\/index.php?rest_route=\/wp\/v2\/posts\/30399\/revisions\/30648"}],"wp:attachment":[{"href":"http:\/\/archiv.szolnoktv.hu\/index.php?rest_route=%2Fwp%2Fv2%2Fmedia&parent=30399"}],"wp:term":[{"taxonomy":"category","embeddable":true,"href":"http:\/\/archiv.szolnoktv.hu\/index.php?rest_route=%2Fwp%2Fv2%2Fcategories&post=30399"},{"taxonomy":"post_tag","embeddable":true,"href":"http:\/\/archiv.szolnoktv.hu\/index.php?rest_route=%2Fwp%2Fv2%2Ftags&post=30399"}],"curies":[{"name":"wp","href":"https:\/\/api.w.org\/{rel}","templated":true}]}}