{"id":30398,"date":"2008-02-10T19:31:25","date_gmt":"2008-02-10T19:31:25","guid":{"rendered":"http:\/\/archiv.szolnoktv.hu\/?p=30398"},"modified":"2021-11-17T11:37:15","modified_gmt":"2021-11-17T11:37:15","slug":"kampanyzaro","status":"publish","type":"post","link":"http:\/\/archiv.szolnoktv.hu\/?p=30398","title":{"rendered":"Kamp\u00e1nyz\u00e1r\u00f3"},"content":{"rendered":"<div class='booster-block booster-read-block'><\/div><p>P\u00e9nteken, egy h\u00e9ttel a felv\u00e9teli jelentkez\u00e9s v\u00e9gs&#245; hat\u00e1rideje el&#245;tt f&#245;iskol\u00e1juk mellett kamp\u00e1nyoltak a szolnoki hallgat\u00f3k. A l\u00e1tv\u00e1nyos showban az int\u00e9zm\u00e9ny di\u00e1jai \u00e1lltak sz\u00ednpadra, p\u00e9ld\u00e1ul a Szolnoki Olaj Kos\u00e1rlabda Klub f&#245;iskol\u00e1s j\u00e1t\u00e9kosai is.<br \/>\nEr&#245;s hajr\u00e1val z\u00e1rt\u00e1k a szolnoki f&#245;iskol\u00e1sok a kamp\u00e1nyid&#245;szakot: &#245;k p\u00e9nteken arr\u00f3l pr\u00f3b\u00e1lt\u00e1k meggy&#245;zni a szolnoki j\u00e1r\u00f3kel&#245;ket, \u00e9s persze els&#245;sorban a v\u00e9gz&#245;s k\u00f6z\u00e9piskol\u00e1sokat, hogy mi\u00e9rt \u00e9ri meg az &#245; f&#245;iskol\u00e1jukra j\u00e1rni. B\u00e1r a felv\u00e9teli lapok lead\u00e1s\u00e1ra m\u00e1r csak p\u00e1r nap van h\u00e1tra: febru\u00e1r 15-e, p\u00e9ntek a v\u00e9gs&#245; hat\u00e1rid&#245;. \u00cdgy a kamp\u00e1ny val\u00f3sz\u00edn&#251;leg csak azokn\u00e1l a k\u00f6z\u00e9piskol\u00e1sokn\u00e1l \u00e9rte el c\u00e9lj\u00e1t, akik az utols\u00f3 pillanatra hagyj\u00e1k a d\u00f6nt\u00e9st. A f&#245;iskol\u00e1sok saj\u00e1t m&#251;sorral k\u00e9sz\u00fcltek &#8211; nemcsak a szervez&#245;k, hanem a fell\u00e9p&#245;k is &#245;k maguk voltak. A siker \u00e9rdek\u00e9ben m\u00e9g a Szolnoki Olaj f&#245;iskol\u00e1s j\u00e1t\u00e9kosai \u00e9s a v\u00edzilabd\u00e1s fi\u00fak is sz\u00ednpadra \u00e1lltak. 2006- ban egy\u00e9bk\u00e9nt a Szolnoki F&#245;iskola \u00dczleti Fakult\u00e1sa a felv\u00e9teli rangsorban a hatodik volt a 41 magyarorsz\u00e1gi, gazdas\u00e1gtudom\u00e1nyi kar k\u00f6z\u00fcl. Ezzel elnyerte a legn\u00e9pszer&#251;bb vid\u00e9ki \u00fczleti f&#245;iskolai kar c\u00edmet is. A n\u00e9pszer&#251;s\u00e9g oka 2 \u00e9vvel ezel&#245;tt a gyakorlatorient\u00e1lt k\u00e9pz\u00e9s mellett \u00e9pp a vid\u00e1m di\u00e1k\u00e9let volt: ami l\u00e1that\u00f3an az\u00f3ta sem v\u00e1ltozott.<\/p>\n","protected":false},"excerpt":{"rendered":"<p>P\u00e9nteken, egy h\u00e9ttel a felv\u00e9teli jelentkez\u00e9s v\u00e9gs&#245; hat\u00e1rideje el&#245;tt f&#245;iskol\u00e1juk mellett kamp\u00e1nyoltak a szolnoki hallgat\u00f3k. A l\u00e1tv\u00e1nyos showban az int\u00e9zm\u00e9ny di\u00e1jai \u00e1lltak sz\u00ednpadra, p\u00e9ld\u00e1ul a Szolnoki Olaj Kos\u00e1rlabda Klub f&#245;iskol\u00e1s j\u00e1t\u00e9kosai is. Er&#245;s hajr\u00e1val z\u00e1rt\u00e1k a szolnoki f&#245;iskol\u00e1sok a kamp\u00e1nyid&#245;szakot: &#245;k p\u00e9nteken arr\u00f3l pr\u00f3b\u00e1lt\u00e1k meggy&#245;zni a szolnoki j\u00e1r\u00f3kel&#245;ket, \u00e9s persze els&#245;sorban a v\u00e9gz&#245;s k\u00f6z\u00e9piskol\u00e1sokat, hogy [&hellip;]<\/p>\n","protected":false},"author":2,"featured_media":0,"comment_status":"open","ping_status":"open","sticky":false,"template":"","format":"standard","meta":[],"categories":[24],"tags":[],"_links":{"self":[{"href":"http:\/\/archiv.szolnoktv.hu\/index.php?rest_route=\/wp\/v2\/posts\/30398"}],"collection":[{"href":"http:\/\/archiv.szolnoktv.hu\/index.php?rest_route=\/wp\/v2\/posts"}],"about":[{"href":"http:\/\/archiv.szolnoktv.hu\/index.php?rest_route=\/wp\/v2\/types\/post"}],"author":[{"embeddable":true,"href":"http:\/\/archiv.szolnoktv.hu\/index.php?rest_route=\/wp\/v2\/users\/2"}],"replies":[{"embeddable":true,"href":"http:\/\/archiv.szolnoktv.hu\/index.php?rest_route=%2Fwp%2Fv2%2Fcomments&post=30398"}],"version-history":[{"count":1,"href":"http:\/\/archiv.szolnoktv.hu\/index.php?rest_route=\/wp\/v2\/posts\/30398\/revisions"}],"predecessor-version":[{"id":30649,"href":"http:\/\/archiv.szolnoktv.hu\/index.php?rest_route=\/wp\/v2\/posts\/30398\/revisions\/30649"}],"wp:attachment":[{"href":"http:\/\/archiv.szolnoktv.hu\/index.php?rest_route=%2Fwp%2Fv2%2Fmedia&parent=30398"}],"wp:term":[{"taxonomy":"category","embeddable":true,"href":"http:\/\/archiv.szolnoktv.hu\/index.php?rest_route=%2Fwp%2Fv2%2Fcategories&post=30398"},{"taxonomy":"post_tag","embeddable":true,"href":"http:\/\/archiv.szolnoktv.hu\/index.php?rest_route=%2Fwp%2Fv2%2Ftags&post=30398"}],"curies":[{"name":"wp","href":"https:\/\/api.w.org\/{rel}","templated":true}]}}