{"id":30397,"date":"2008-02-08T21:20:37","date_gmt":"2008-02-08T21:20:37","guid":{"rendered":"http:\/\/archiv.szolnoktv.hu\/?p=30397"},"modified":"2021-11-17T11:37:15","modified_gmt":"2021-11-17T11:37:15","slug":"szepessy-lukacs-kiallitas","status":"publish","type":"post","link":"http:\/\/archiv.szolnoktv.hu\/?p=30397","title":{"rendered":"Szepessy-Luk\u00e1cs ki\u00e1ll\u00edt\u00e1s"},"content":{"rendered":"<div class='booster-block booster-read-block'><\/div><p>Szolnoki m&#251;v\u00e9szek tan\u00e1rainak ny\u00edlt ki\u00e1ll\u00edt\u00e1sa ma d\u00e9lut\u00e1n  a szolnoki M&#251;v\u00e9sztelepen. Szepessy B\u00e9la grafikusm&#251;v\u00e9sz \u00e9s Luk\u00e1cs G\u00e1bor fest&#245;m&#251;v\u00e9sz alkot\u00e1sai febru\u00e1r v\u00e9g\u00e9ig l\u00e1that\u00f3k.<br \/>\nA m&#251;v\u00e9sztelep ma ny\u00edlt t\u00e1rlat\u00e1n k\u00e9t m&#251;v\u00e9sztan\u00e1r, Szepessy B\u00e9la \u00e9s Luk\u00e1cs G\u00e1bor alkot\u00e1saiban gy\u00f6ny\u00f6rk\u00f6dhetnek az ell\u00e1togat\u00f3k.  A ki\u00e1ll\u00edt\u00e1s aprop\u00f3ja, hogy a mindketten a Ny\u00edregyh\u00e1zai F&#245;iskola rajz tansz\u00e9k\u00e9nek tan\u00e1rai, akik t\u00f6bb szolnoki m&#251;v\u00e9szt \u00e9s m&#251;v\u00e9sztan\u00e1rt tan\u00edtottak a f&#245;iskol\u00e1n. A ki\u00e1ll\u00edtott k\u00e9pek t\u00e9m\u00e1i a h\u00e9tk\u00f6znapokb\u00f3l, a mitol\u00f3gi\u00e1b\u00f3l, a magyar t\u00f6rt\u00e9nelemb&#245;l ker\u00fcltek ki. Luk\u00e1cs G\u00e1bor nagym\u00e9ret&#251; akvarell sorozat\u00e1b\u00f3l v\u00e1logatott a szolnoki k\u00f6z\u00f6ns\u00e9gnek, Szepessy B\u00e9la pedig k\u00fcl\u00f6nleges hangulat\u00fa lin\u00f3metszeteket, \u00e9s a h\u00f3napokr\u00f3l k\u00e9sz\u00fclt sorozat akvarellel kevert lin\u00f3metszeteit akasztotta ki a n\u00e9z&#245;k el\u00e9. A hangulat \u00e9s a gondolat hasonl\u00f3, ez\u00e9rt \u00e1ll\u00edtanak ki egy\u00fctt. Szepessy B\u00e9la grafikusm&#251;v\u00e9sz \u00e9s Luk\u00e1cs G\u00e1bor fest&#245;m&#251;v\u00e9sz alkot\u00e1sai febru\u00e1r v\u00e9g\u00e9ig l\u00e1that\u00f3k a Szolnoki M&#251;v\u00e9sztelep KERT Gal\u00e9ri\u00e1j\u00e1ban.<\/p>\n","protected":false},"excerpt":{"rendered":"<p>Szolnoki m&#251;v\u00e9szek tan\u00e1rainak ny\u00edlt ki\u00e1ll\u00edt\u00e1sa ma d\u00e9lut\u00e1n a szolnoki M&#251;v\u00e9sztelepen. Szepessy B\u00e9la grafikusm&#251;v\u00e9sz \u00e9s Luk\u00e1cs G\u00e1bor fest&#245;m&#251;v\u00e9sz alkot\u00e1sai febru\u00e1r v\u00e9g\u00e9ig l\u00e1that\u00f3k. A m&#251;v\u00e9sztelep ma ny\u00edlt t\u00e1rlat\u00e1n k\u00e9t m&#251;v\u00e9sztan\u00e1r, Szepessy B\u00e9la \u00e9s Luk\u00e1cs G\u00e1bor alkot\u00e1saiban gy\u00f6ny\u00f6rk\u00f6dhetnek az ell\u00e1togat\u00f3k. A ki\u00e1ll\u00edt\u00e1s aprop\u00f3ja, hogy a mindketten a Ny\u00edregyh\u00e1zai F&#245;iskola rajz tansz\u00e9k\u00e9nek tan\u00e1rai, akik t\u00f6bb szolnoki m&#251;v\u00e9szt \u00e9s m&#251;v\u00e9sztan\u00e1rt [&hellip;]<\/p>\n","protected":false},"author":2,"featured_media":0,"comment_status":"open","ping_status":"open","sticky":false,"template":"","format":"standard","meta":[],"categories":[24],"tags":[],"_links":{"self":[{"href":"http:\/\/archiv.szolnoktv.hu\/index.php?rest_route=\/wp\/v2\/posts\/30397"}],"collection":[{"href":"http:\/\/archiv.szolnoktv.hu\/index.php?rest_route=\/wp\/v2\/posts"}],"about":[{"href":"http:\/\/archiv.szolnoktv.hu\/index.php?rest_route=\/wp\/v2\/types\/post"}],"author":[{"embeddable":true,"href":"http:\/\/archiv.szolnoktv.hu\/index.php?rest_route=\/wp\/v2\/users\/2"}],"replies":[{"embeddable":true,"href":"http:\/\/archiv.szolnoktv.hu\/index.php?rest_route=%2Fwp%2Fv2%2Fcomments&post=30397"}],"version-history":[{"count":1,"href":"http:\/\/archiv.szolnoktv.hu\/index.php?rest_route=\/wp\/v2\/posts\/30397\/revisions"}],"predecessor-version":[{"id":30650,"href":"http:\/\/archiv.szolnoktv.hu\/index.php?rest_route=\/wp\/v2\/posts\/30397\/revisions\/30650"}],"wp:attachment":[{"href":"http:\/\/archiv.szolnoktv.hu\/index.php?rest_route=%2Fwp%2Fv2%2Fmedia&parent=30397"}],"wp:term":[{"taxonomy":"category","embeddable":true,"href":"http:\/\/archiv.szolnoktv.hu\/index.php?rest_route=%2Fwp%2Fv2%2Fcategories&post=30397"},{"taxonomy":"post_tag","embeddable":true,"href":"http:\/\/archiv.szolnoktv.hu\/index.php?rest_route=%2Fwp%2Fv2%2Ftags&post=30397"}],"curies":[{"name":"wp","href":"https:\/\/api.w.org\/{rel}","templated":true}]}}