{"id":30395,"date":"2008-02-08T21:15:50","date_gmt":"2008-02-08T21:15:50","guid":{"rendered":"http:\/\/archiv.szolnoktv.hu\/?p=30395"},"modified":"2021-11-17T11:37:15","modified_gmt":"2021-11-17T11:37:15","slug":"menetrendvaltozas-2","status":"publish","type":"post","link":"http:\/\/archiv.szolnoktv.hu\/?p=30395","title":{"rendered":"Menetrendv\u00e1ltoz\u00e1s"},"content":{"rendered":"<div class='booster-block booster-read-block'><\/div><p>Febru\u00e1r 11-t\u0151l, azaz h\u00e9tf\u0151t\u0151l v\u00e1ltozik 3 szolnoki Vol\u00e1n aut\u00f3busz menetrendje. A 2-es, a 6-os \u00e9s a 15-\u00f6s busszal utaz\u00f3knak kell figyelni\u00fck az apr\u00f3bb v\u00e1ltoz\u00e1sokat.<br \/>\nM\u00f3dosul a Tallin v\u00e1rosr\u00e9szb\u0151l a cukorgy\u00e1ri  meg\u00e1ll\u00f3ig k\u00f6zleked\u0151 2-es j\u00e1rat menetrendje: febru\u00e1r 11-t\u0151l, azaz h\u00e9tf\u0151t\u0151l az utols\u00f3 j\u00e1rat 5 perccel k\u00e9s\u0151bb  indul majd, mint kor\u00e1bban &#8211;  vagyis 22 \u00f3ra 10 perckor. Ennek megfelel\u0151en a 2-es jelenlegi menetrendje a cukorgy\u00e1ri v\u00e9g\u00e1llom\u00e1son is v\u00e1ltozik: ebb\u0151l a meg\u00e1ll\u00f3b\u00f3l az utols\u00f3 j\u00e1rat m\u00e1r nem 22 \u00f3ra 22 perckor g\u00f6rd\u00fcl ki ezut\u00e1n, hanem szint\u00e9n 5 perccel k\u00e9s\u0151bb, 22 \u00f3ra 27-kor. <br \/>A 6-os busszal k\u00f6zleked\u0151ket is \u00e9rinti a v\u00e1ltoz\u00e1s. A h\u00e9tk\u00f6znaponk\u00e9nt a vas\u00fat\u00e1llom\u00e1sr\u00f3l reggel 6 \u00f3ra 45 perckor indul\u00f3 j\u00e1rat h\u00e9tf\u0151t\u0151l nem t\u00e9r be a Holt- Tisza- partra, de visszafel\u00e9, a Gy\u00fcm\u00f6lcs\u00f6st\u0151l ugyan\u00fagy 7 \u00f3ra 6 perckor k\u00f6zlekedik majd. <br \/>A 15-\u00f6s j\u00e1rat menetrendje sem maradt \u00e9rintetlen. H\u00e9tk\u00f6znapokon a 15 \u00f3ra 40 perces j\u00e1rat 10 perccel kor\u00e1bban, f\u00e9l 4-kor  indul a vas\u00fat\u00e1llom\u00e1sr\u00f3l. \u00cdgy ez visszafele, a tiszaligeti aut\u00f3buszfordul\u00f3t\u00f3l is hamarabb, h\u00e1romnegyed 4-kor indul. R\u00e1ad\u00e1sul h\u00e9tf\u0151t\u0151l 2 \u00faj j\u00e1ratp\u00e1rt is bevezetnek a Tiszaligetbe: az egyik h\u00e9tk\u00f6znapokon 19 \u00f3ra 35 perckor, a m\u00e1sik pedig h\u00e9tv\u00e9g\u00e9n 17 \u00f3ra 30 perckor indul majd a vas\u00fat\u00e1llom\u00e1sr\u00f3l.<\/p>\n","protected":false},"excerpt":{"rendered":"<p>Febru\u00e1r 11-t\u0151l, azaz h\u00e9tf\u0151t\u0151l v\u00e1ltozik 3 szolnoki Vol\u00e1n aut\u00f3busz menetrendje. A 2-es, a 6-os \u00e9s a 15-\u00f6s busszal utaz\u00f3knak kell figyelni\u00fck az apr\u00f3bb v\u00e1ltoz\u00e1sokat. M\u00f3dosul a Tallin v\u00e1rosr\u00e9szb\u0151l a cukorgy\u00e1ri meg\u00e1ll\u00f3ig k\u00f6zleked\u0151 2-es j\u00e1rat menetrendje: febru\u00e1r 11-t\u0151l, azaz h\u00e9tf\u0151t\u0151l az utols\u00f3 j\u00e1rat 5 perccel k\u00e9s\u0151bb indul majd, mint kor\u00e1bban &#8211; vagyis 22 \u00f3ra 10 perckor. [&hellip;]<\/p>\n","protected":false},"author":2,"featured_media":0,"comment_status":"open","ping_status":"open","sticky":false,"template":"","format":"standard","meta":[],"categories":[24],"tags":[],"_links":{"self":[{"href":"http:\/\/archiv.szolnoktv.hu\/index.php?rest_route=\/wp\/v2\/posts\/30395"}],"collection":[{"href":"http:\/\/archiv.szolnoktv.hu\/index.php?rest_route=\/wp\/v2\/posts"}],"about":[{"href":"http:\/\/archiv.szolnoktv.hu\/index.php?rest_route=\/wp\/v2\/types\/post"}],"author":[{"embeddable":true,"href":"http:\/\/archiv.szolnoktv.hu\/index.php?rest_route=\/wp\/v2\/users\/2"}],"replies":[{"embeddable":true,"href":"http:\/\/archiv.szolnoktv.hu\/index.php?rest_route=%2Fwp%2Fv2%2Fcomments&post=30395"}],"version-history":[{"count":1,"href":"http:\/\/archiv.szolnoktv.hu\/index.php?rest_route=\/wp\/v2\/posts\/30395\/revisions"}],"predecessor-version":[{"id":30652,"href":"http:\/\/archiv.szolnoktv.hu\/index.php?rest_route=\/wp\/v2\/posts\/30395\/revisions\/30652"}],"wp:attachment":[{"href":"http:\/\/archiv.szolnoktv.hu\/index.php?rest_route=%2Fwp%2Fv2%2Fmedia&parent=30395"}],"wp:term":[{"taxonomy":"category","embeddable":true,"href":"http:\/\/archiv.szolnoktv.hu\/index.php?rest_route=%2Fwp%2Fv2%2Fcategories&post=30395"},{"taxonomy":"post_tag","embeddable":true,"href":"http:\/\/archiv.szolnoktv.hu\/index.php?rest_route=%2Fwp%2Fv2%2Ftags&post=30395"}],"curies":[{"name":"wp","href":"https:\/\/api.w.org\/{rel}","templated":true}]}}