{"id":30138,"date":"2008-01-24T21:42:07","date_gmt":"2008-01-24T21:42:07","guid":{"rendered":"http:\/\/archiv.szolnoktv.hu\/?p=30138"},"modified":"2021-11-17T11:05:22","modified_gmt":"2021-11-17T11:05:22","slug":"jegen-koronaztak","status":"publish","type":"post","link":"http:\/\/archiv.szolnoktv.hu\/?p=30138","title":{"rendered":"J\u00e9gen koron\u00e1ztak"},"content":{"rendered":"<div class='booster-block booster-read-block'><\/div><p>Kir\u00e1lyt v\u00e1lasztottak Szolnokon. A M\u00e1ty\u00e1s Kir\u00e1ly \u00c1ltal\u00e1nos Iskola di\u00e1kjai felid\u00e9zt\u00e9k a j\u00e9gp\u00e1ly\u00e1n M\u00e1ty\u00e1s 550 \u00e9vvel ezel\u0151tti megv\u00e1laszt\u00e1s\u00e1t.<br \/>\nMa 550 \u00e9ve, hogy Hunyadi M\u00e1ty\u00e1st kir\u00e1lly\u00e1 v\u00e1lasztott\u00e1k a Duna jeg\u00e9n. Erre eml\u00e9keztek ma a szolnoki M\u00e1ty\u00e1s Kir\u00e1ly \u00c1ltal\u00e1nos Iskol\u00e1ban. Az \u00fcnneps\u00e9gen megkoszor\u00fazt\u00e1k M\u00e1ty\u00e1s kir\u00e1ly mellszobr\u00e1t, majd a megh\u00edvott iskol\u00e1k tan\u00e1rai \u00e9s di\u00e1kjai eml\u00e9kszalagokat helyeztek el az aul\u00e1ban l\u00e9v\u0151 M\u00e1ty\u00e1s-domborm\u0171n\u00e9l. Kiosztott\u00e1k a M\u00e1ty\u00e1s Eml\u00e9kplakettet is, melyet id\u00e9n k\u00e9t volt igazgat\u00f3n\u0151, Dr. Miskolczi Tam\u00e1sn\u00e9 \u00e9s Bakos G\u00e1born\u00e9 kapott. Az iskolai \u00fcnneps\u00e9g a M\u00e1ty\u00e1s kir\u00e1ly Korvin\u00e1inak nev\u00e9t visel\u0151 Corvinka Gyermek-n\u00e9pt\u00e1ncegy\u00fcttes m\u0171sor\u00e1val \u00e9rt v\u00e9get. A szervez\u0151k meglepet\u00e9st is tartogattak a r\u00e9sztvev\u0151knek, az 1458. janu\u00e1r 24-\u00e9n t\u00f6rt\u00e9nt esem\u00e9nyeket eleven\u00edtett\u00e9k f\u00f6l: \u0151k is megv\u00e1lasztott\u00e1k a j\u00e9gen M\u00e1ty\u00e1s kir\u00e1lyt.<br \/>A rendezv\u00e9nyhez kapcsol\u00f3dik m\u00e9g a M\u00e1ty\u00e1s Tud\u00f3sai verseny, amelyre a megye 40 iskol\u00e1j\u00e1b\u00f3l j\u00f6nnek, \u00e9s mintegy 300 di\u00e1k vesz r\u00e9szt. Febru\u00e1r 23-\u00e1n M\u00e1ty\u00e1s kir\u00e1ly sz\u00fclet\u00e9s\u00e9nek \u00e9vfordul\u00f3j\u00e1n pedig iskolai kir\u00e1ndul\u00e1st szerveznek a tan\u00e1rok \u00e9s di\u00e1kok r\u00e9sz\u00e9re a h\u00edres kir\u00e1ly sz\u00fclet\u00e9s\u00e9nek hely\u00e9re, Kolozsv\u00e1rra.<\/p>\n","protected":false},"excerpt":{"rendered":"<p>Kir\u00e1lyt v\u00e1lasztottak Szolnokon. A M\u00e1ty\u00e1s Kir\u00e1ly \u00c1ltal\u00e1nos Iskola di\u00e1kjai felid\u00e9zt\u00e9k a j\u00e9gp\u00e1ly\u00e1n M\u00e1ty\u00e1s 550 \u00e9vvel ezel\u0151tti megv\u00e1laszt\u00e1s\u00e1t. Ma 550 \u00e9ve, hogy Hunyadi M\u00e1ty\u00e1st kir\u00e1lly\u00e1 v\u00e1lasztott\u00e1k a Duna jeg\u00e9n. Erre eml\u00e9keztek ma a szolnoki M\u00e1ty\u00e1s Kir\u00e1ly \u00c1ltal\u00e1nos Iskol\u00e1ban. Az \u00fcnneps\u00e9gen megkoszor\u00fazt\u00e1k M\u00e1ty\u00e1s kir\u00e1ly mellszobr\u00e1t, majd a megh\u00edvott iskol\u00e1k tan\u00e1rai \u00e9s di\u00e1kjai eml\u00e9kszalagokat helyeztek el az aul\u00e1ban [&hellip;]<\/p>\n","protected":false},"author":2,"featured_media":0,"comment_status":"open","ping_status":"open","sticky":false,"template":"","format":"standard","meta":[],"categories":[24],"tags":[],"_links":{"self":[{"href":"http:\/\/archiv.szolnoktv.hu\/index.php?rest_route=\/wp\/v2\/posts\/30138"}],"collection":[{"href":"http:\/\/archiv.szolnoktv.hu\/index.php?rest_route=\/wp\/v2\/posts"}],"about":[{"href":"http:\/\/archiv.szolnoktv.hu\/index.php?rest_route=\/wp\/v2\/types\/post"}],"author":[{"embeddable":true,"href":"http:\/\/archiv.szolnoktv.hu\/index.php?rest_route=\/wp\/v2\/users\/2"}],"replies":[{"embeddable":true,"href":"http:\/\/archiv.szolnoktv.hu\/index.php?rest_route=%2Fwp%2Fv2%2Fcomments&post=30138"}],"version-history":[{"count":1,"href":"http:\/\/archiv.szolnoktv.hu\/index.php?rest_route=\/wp\/v2\/posts\/30138\/revisions"}],"predecessor-version":[{"id":30228,"href":"http:\/\/archiv.szolnoktv.hu\/index.php?rest_route=\/wp\/v2\/posts\/30138\/revisions\/30228"}],"wp:attachment":[{"href":"http:\/\/archiv.szolnoktv.hu\/index.php?rest_route=%2Fwp%2Fv2%2Fmedia&parent=30138"}],"wp:term":[{"taxonomy":"category","embeddable":true,"href":"http:\/\/archiv.szolnoktv.hu\/index.php?rest_route=%2Fwp%2Fv2%2Fcategories&post=30138"},{"taxonomy":"post_tag","embeddable":true,"href":"http:\/\/archiv.szolnoktv.hu\/index.php?rest_route=%2Fwp%2Fv2%2Ftags&post=30138"}],"curies":[{"name":"wp","href":"https:\/\/api.w.org\/{rel}","templated":true}]}}