{"id":30137,"date":"2008-01-24T21:40:53","date_gmt":"2008-01-24T21:40:53","guid":{"rendered":"http:\/\/archiv.szolnoktv.hu\/?p=30137"},"modified":"2021-11-17T11:05:22","modified_gmt":"2021-11-17T11:05:22","slug":"kitores-napja","status":"publish","type":"post","link":"http:\/\/archiv.szolnoktv.hu\/?p=30137","title":{"rendered":"Kit\u00f6r\u00e9s napja"},"content":{"rendered":"<div class='booster-block booster-read-block'><\/div><p>Forr\u00f3 arany! \u00c9ppen 80 esztendeje, hogy P\u00e1vai Vajna Ferenc f\u00far\u00e1sai nyom\u00e1n term\u00e1lv\u00edz t\u00f6rt fel a karcagi hat\u00e1rban. A sors fintora, hogy a v\u00edz el\u0151nyeit ma m\u00e9gsem a nagykun v\u00e1ros, hanem a szomsz\u00e9dos apr\u00f3 \u00fcd\u00fcl\u0151telep\u00fcl\u00e9s- Berekf\u00fcrd\u0151 akn\u00e1zhatja ki. A jubileumi \u00e9v programj\u00e1r\u00f3l a helyi \u00f6nkorm\u00e1nyzat t\u00e1j\u00e9koztatta a sajt\u00f3 k\u00e9pvisel\u0151it.<br \/>\n80 \u00e9ve m\u00e9g senki nem sejtte, hogy a f\u00f6ld m\u00e9ly\u00e9b\u0151l el\u0151t\u00f6r\u0151 forr\u00f3v\u00edznek k\u00f6sz\u00f6nhet\u0151en \u00e9vek alatt szinte a semmib\u0151l n\u0151 ki egy telep\u00fcl\u00e9s. A &#8220;kit\u00f6r\u00e9s napj\u00e1t&#8221;- merthogy 1928 janu\u00e1r 24.- e \u00edgy szerepel a berekf\u00fcrd\u0151iek eml\u00e9kezet\u00e9ben- el\u0151bb a d\u00f6bbenet, majd a felfedez\u00e9s moh\u00f3 hetei k\u00f6vett\u00e9k. A g\u00f6dr\u00f6kben visszamarad\u00f3 forr\u00f3viz m\u00e1gnesk\u00e9nt vonzotta a k\u00f6rny\u00e9kbelieket, majd a h\u00edrr\u0151l \u00e9rtes\u00fcl\u0151 f\u0151v\u00e1rosiakat, vid\u00e9kieket, k\u00e9s\u0151bb pedig a k\u00fclf\u00f6ldieket is. A puszt\u00e1t \u00e1ztat\u00f3 melegvizet mederbe terelt\u00e9k s egy fapall\u00f3s medenc\u00e9t t\u00e1pl\u00e1ltak vele&#8230;- ez volt a mai strandf\u00fcrd\u0151 \u0151se. Berekf\u00fcrd\u0151 tisztelettel eml\u00e9kezik term\u00e1lvizeink atyj\u00e1ra- P\u00e1vai Vajna Ferencre, akit t\u00f6bbsz\u00f6r is megid\u00e9znek majd az idei, jubileumi f\u00fcrd\u0151szezon alatt. Az \u00f6nkorm\u00e1nyzati sajt\u00f3t\u00e1j\u00e9koztat\u00f3n elhangzott- id\u00e9n mintegy 9 milli\u00e1d forint \u00e9rkezhet a telep\u00fcl\u00e9sre a mag\u00e1nbefektet\u0151k, a p\u00e1ly\u00e1zati forr\u00e1sok \u00e9s a saj\u00e1t bev\u00e9telek r\u00e9v\u00e9n. Id\u00e9n egy wellnesssz\u00e1ll\u00f3, egy nyugd\u00edjash\u00e1z, valamint egy sport\u00fcd\u00fcl\u0151 alapk\u00f6v\u00e9t is leteszik&#8230; Folytat\u00f3dik a strandfejleszt\u00e9s \u00e9s a helyi \u00fcveggy\u00e1rt\u00e1s \u00fajj\u00e1\u00e9leszt\u00e9s\u00e9nek gondolata is napirenden van. A 2008- as szezon kil\u00e1t\u00e1sai kedvez\u0151ek- amire okot ad a strand l\u00e1togat\u00f3i k\u00f6r\u00e9ben elv\u00e9gzett vill\u00e1mfelm\u00e9r\u00e9s is, ahol nemcsak holland, n\u00e9met \u00e9s lengyel turist\u00e1k fedt\u00e9k fel nemzetis\u00e9g\u00fcket, de akadt olyan is, aki Kog\u00f3b\u00f3l \u00e9rkezett, hogy a forr\u00f3 kl\u00edm\u00e1t- forr\u00f3v\u00edzre cser\u00e9je.<\/p>\n","protected":false},"excerpt":{"rendered":"<p>Forr\u00f3 arany! \u00c9ppen 80 esztendeje, hogy P\u00e1vai Vajna Ferenc f\u00far\u00e1sai nyom\u00e1n term\u00e1lv\u00edz t\u00f6rt fel a karcagi hat\u00e1rban. A sors fintora, hogy a v\u00edz el\u0151nyeit ma m\u00e9gsem a nagykun v\u00e1ros, hanem a szomsz\u00e9dos apr\u00f3 \u00fcd\u00fcl\u0151telep\u00fcl\u00e9s- Berekf\u00fcrd\u0151 akn\u00e1zhatja ki. A jubileumi \u00e9v programj\u00e1r\u00f3l a helyi \u00f6nkorm\u00e1nyzat t\u00e1j\u00e9koztatta a sajt\u00f3 k\u00e9pvisel\u0151it. 80 \u00e9ve m\u00e9g senki nem sejtte, hogy [&hellip;]<\/p>\n","protected":false},"author":2,"featured_media":0,"comment_status":"open","ping_status":"open","sticky":false,"template":"","format":"standard","meta":[],"categories":[24],"tags":[],"_links":{"self":[{"href":"http:\/\/archiv.szolnoktv.hu\/index.php?rest_route=\/wp\/v2\/posts\/30137"}],"collection":[{"href":"http:\/\/archiv.szolnoktv.hu\/index.php?rest_route=\/wp\/v2\/posts"}],"about":[{"href":"http:\/\/archiv.szolnoktv.hu\/index.php?rest_route=\/wp\/v2\/types\/post"}],"author":[{"embeddable":true,"href":"http:\/\/archiv.szolnoktv.hu\/index.php?rest_route=\/wp\/v2\/users\/2"}],"replies":[{"embeddable":true,"href":"http:\/\/archiv.szolnoktv.hu\/index.php?rest_route=%2Fwp%2Fv2%2Fcomments&post=30137"}],"version-history":[{"count":1,"href":"http:\/\/archiv.szolnoktv.hu\/index.php?rest_route=\/wp\/v2\/posts\/30137\/revisions"}],"predecessor-version":[{"id":30229,"href":"http:\/\/archiv.szolnoktv.hu\/index.php?rest_route=\/wp\/v2\/posts\/30137\/revisions\/30229"}],"wp:attachment":[{"href":"http:\/\/archiv.szolnoktv.hu\/index.php?rest_route=%2Fwp%2Fv2%2Fmedia&parent=30137"}],"wp:term":[{"taxonomy":"category","embeddable":true,"href":"http:\/\/archiv.szolnoktv.hu\/index.php?rest_route=%2Fwp%2Fv2%2Fcategories&post=30137"},{"taxonomy":"post_tag","embeddable":true,"href":"http:\/\/archiv.szolnoktv.hu\/index.php?rest_route=%2Fwp%2Fv2%2Ftags&post=30137"}],"curies":[{"name":"wp","href":"https:\/\/api.w.org\/{rel}","templated":true}]}}