{"id":30134,"date":"2008-01-24T21:36:08","date_gmt":"2008-01-24T21:36:08","guid":{"rendered":"http:\/\/archiv.szolnoktv.hu\/?p=30134"},"modified":"2021-11-17T11:05:22","modified_gmt":"2021-11-17T11:05:22","slug":"jatektol-jatekig","status":"publish","type":"post","link":"http:\/\/archiv.szolnoktv.hu\/?p=30134","title":{"rendered":"J\u00e1t\u00e9kt\u00f3l- j\u00e1t\u00e9kig"},"content":{"rendered":"<div class='booster-block booster-read-block'><\/div><p>Nemcsak a kult\u00far\u00e1t, hanem egy nemesebb c\u00e9lt is t\u00e1mogatnak id\u00e9n  a Szent-Gy\u00f6rgyi Albert \u00c1ltal\u00e1nos Iskola pedag\u00f3gus sz\u00ednj\u00e1tsz\u00f3i. A bev\u00e9telb\u0151l egy \u00faj j\u00e1tsz\u00f3teret szeretn\u00e9nek l\u00e9tes\u00edteni az iskola di\u00e1kjainak.<br \/>\nJ\u00e1tsz\u00f3t\u00e9rre gy\u0171jt id\u00e9n el\u0151ad\u00e1s\u00e1val a szolnoki Szent-Gy\u00f6rgyi Albert \u00c1ltal\u00e1nos Iskola tan\u00e1rainak sz\u00ednj\u00e1tsz\u00f3 k\u00f6re. Az uni\u00f3s szabv\u00e1nynak megfelel\u0151 j\u00e1tsz\u00f3t\u00e9r terve a m\u00falt \u00e9v m\u00e1jus\u00e1ban mer\u00fclt f\u00f6l. \u00e9s az\u00f3ta az iskola minden lehet\u0151s\u00e9get megragad, hogy a terv megval\u00f3sulhasson. Ez\u00e9rt id\u00e9n a pedag\u00f3gusok k\u00fcl\u00f6n\u00f6s gonddal k\u00e9sz\u00fclnek az el\u0151ad\u00e1sra. A pedag\u00f3gus t\u00e1rsulat id\u00e9n Devecsery L\u00e1szl\u00f3: H\u00e1rman egy szokny\u00e1ban c\u00edm\u0171 mesej\u00e1t\u00e9k\u00e1t mutatja be. A d\u00edszel\u0151ad\u00e1s febru\u00e1r 4-\u00e9n, h\u00e9tf\u0151n este f\u00e9l 6-kor lesz. A k\u00f6vetkez\u0151 napokon, teh\u00e1t kedden, szerd\u00e1n \u00e9s cs\u00fct\u00f6rt\u00f6k\u00f6n d\u00e9lut\u00e1n f\u00e9l 3-kor kezd\u0151dnek el\u0151ad\u00e1sok. Bel\u00e9p\u0151d\u00edjat nem k\u00e9rnek a szervez\u0151k, de aki forintban seg\u00edteni szeretne, t\u00e1mogat\u00f3jegyeket v\u00e1s\u00e1rolhat, \u00e9s ezzel t\u00e1mogathatja a j\u00e1tsz\u00f3t\u00e9r \u00fcgy\u00e9t.<\/p>\n","protected":false},"excerpt":{"rendered":"<p>Nemcsak a kult\u00far\u00e1t, hanem egy nemesebb c\u00e9lt is t\u00e1mogatnak id\u00e9n a Szent-Gy\u00f6rgyi Albert \u00c1ltal\u00e1nos Iskola pedag\u00f3gus sz\u00ednj\u00e1tsz\u00f3i. A bev\u00e9telb\u0151l egy \u00faj j\u00e1tsz\u00f3teret szeretn\u00e9nek l\u00e9tes\u00edteni az iskola di\u00e1kjainak. J\u00e1tsz\u00f3t\u00e9rre gy\u0171jt id\u00e9n el\u0151ad\u00e1s\u00e1val a szolnoki Szent-Gy\u00f6rgyi Albert \u00c1ltal\u00e1nos Iskola tan\u00e1rainak sz\u00ednj\u00e1tsz\u00f3 k\u00f6re. Az uni\u00f3s szabv\u00e1nynak megfelel\u0151 j\u00e1tsz\u00f3t\u00e9r terve a m\u00falt \u00e9v m\u00e1jus\u00e1ban mer\u00fclt f\u00f6l. \u00e9s az\u00f3ta az [&hellip;]<\/p>\n","protected":false},"author":2,"featured_media":0,"comment_status":"open","ping_status":"open","sticky":false,"template":"","format":"standard","meta":[],"categories":[24],"tags":[],"_links":{"self":[{"href":"http:\/\/archiv.szolnoktv.hu\/index.php?rest_route=\/wp\/v2\/posts\/30134"}],"collection":[{"href":"http:\/\/archiv.szolnoktv.hu\/index.php?rest_route=\/wp\/v2\/posts"}],"about":[{"href":"http:\/\/archiv.szolnoktv.hu\/index.php?rest_route=\/wp\/v2\/types\/post"}],"author":[{"embeddable":true,"href":"http:\/\/archiv.szolnoktv.hu\/index.php?rest_route=\/wp\/v2\/users\/2"}],"replies":[{"embeddable":true,"href":"http:\/\/archiv.szolnoktv.hu\/index.php?rest_route=%2Fwp%2Fv2%2Fcomments&post=30134"}],"version-history":[{"count":1,"href":"http:\/\/archiv.szolnoktv.hu\/index.php?rest_route=\/wp\/v2\/posts\/30134\/revisions"}],"predecessor-version":[{"id":30232,"href":"http:\/\/archiv.szolnoktv.hu\/index.php?rest_route=\/wp\/v2\/posts\/30134\/revisions\/30232"}],"wp:attachment":[{"href":"http:\/\/archiv.szolnoktv.hu\/index.php?rest_route=%2Fwp%2Fv2%2Fmedia&parent=30134"}],"wp:term":[{"taxonomy":"category","embeddable":true,"href":"http:\/\/archiv.szolnoktv.hu\/index.php?rest_route=%2Fwp%2Fv2%2Fcategories&post=30134"},{"taxonomy":"post_tag","embeddable":true,"href":"http:\/\/archiv.szolnoktv.hu\/index.php?rest_route=%2Fwp%2Fv2%2Ftags&post=30134"}],"curies":[{"name":"wp","href":"https:\/\/api.w.org\/{rel}","templated":true}]}}