{"id":30132,"date":"2008-01-24T21:32:05","date_gmt":"2008-01-24T21:32:05","guid":{"rendered":"http:\/\/archiv.szolnoktv.hu\/?p=30132"},"modified":"2021-11-17T11:05:23","modified_gmt":"2021-11-17T11:05:23","slug":"dijazott-cegvezeto","status":"publish","type":"post","link":"http:\/\/archiv.szolnoktv.hu\/?p=30132","title":{"rendered":"D\u00edjazott c\u00e9gvezet\u0151"},"content":{"rendered":"<div class='booster-block booster-read-block'><\/div><p>Neves elismer\u00e9st vehetett \u00e1t a B\u00e9res Gy\u00f3gyszergy\u00e1r c\u00e9gvezet\u0151je. Vajda J\u00f3zsef, a Magyar K\u00f6zgazdas\u00e1gi T\u00e1rsas\u00e1g t\u00fcntette ki kiemelked\u0151 munk\u00e1j\u00e1\u00e9rt.<br \/>\nA Magyar K\u00f6zgazdas\u00e1gi T\u00e1rsas\u00e1got 1894-ben, 114 \u00e9vvel ezel\u0151tt alap\u00edtotta L\u00e1ng Lajos. A r\u00f3la elnevezett kit\u00fcntet\u00e9st hat \u00e9vvel ezel\u0151tt hozt\u00e1k l\u00e9tre \u00e9s olyan embereknek \u00edt\u00e9lik oda, akik nemcsak munk\u00e1jukban alkotnak kiemelked\u0151t. Azok, akik megkapj\u00e1k ezt a d\u00edjat, sokat tettek a t\u00e1rsas\u00e1g\u00e9rt is. Id\u00e9n Vajda J\u00f3zsef, a B\u00e9res Gy\u00f3gyszergy\u00e1r c\u00e9gvezet\u0151je kapta meg a jeles kit\u00fcntet\u00e9st. Karrierj\u00e9t m\u00e9g a 70-es \u00e9vekben kezdte a martf\u0171i cip\u0151gy\u00e1rban. A Magyar K\u00f6zgazdas\u00e1gi T\u00e1rsas\u00e1g 25 f\u0151s test\u00fclete tavaly decemberben egyhang\u00fa d\u00f6nt\u00e9ssel \u00edt\u00e9lte a d\u00edjat Vajda J\u00f3zsefnek.<\/p>\n","protected":false},"excerpt":{"rendered":"<p>Neves elismer\u00e9st vehetett \u00e1t a B\u00e9res Gy\u00f3gyszergy\u00e1r c\u00e9gvezet\u0151je. Vajda J\u00f3zsef, a Magyar K\u00f6zgazdas\u00e1gi T\u00e1rsas\u00e1g t\u00fcntette ki kiemelked\u0151 munk\u00e1j\u00e1\u00e9rt. A Magyar K\u00f6zgazdas\u00e1gi T\u00e1rsas\u00e1got 1894-ben, 114 \u00e9vvel ezel\u0151tt alap\u00edtotta L\u00e1ng Lajos. A r\u00f3la elnevezett kit\u00fcntet\u00e9st hat \u00e9vvel ezel\u0151tt hozt\u00e1k l\u00e9tre \u00e9s olyan embereknek \u00edt\u00e9lik oda, akik nemcsak munk\u00e1jukban alkotnak kiemelked\u0151t. Azok, akik megkapj\u00e1k ezt a d\u00edjat, sokat [&hellip;]<\/p>\n","protected":false},"author":2,"featured_media":0,"comment_status":"open","ping_status":"open","sticky":false,"template":"","format":"standard","meta":[],"categories":[24],"tags":[],"_links":{"self":[{"href":"http:\/\/archiv.szolnoktv.hu\/index.php?rest_route=\/wp\/v2\/posts\/30132"}],"collection":[{"href":"http:\/\/archiv.szolnoktv.hu\/index.php?rest_route=\/wp\/v2\/posts"}],"about":[{"href":"http:\/\/archiv.szolnoktv.hu\/index.php?rest_route=\/wp\/v2\/types\/post"}],"author":[{"embeddable":true,"href":"http:\/\/archiv.szolnoktv.hu\/index.php?rest_route=\/wp\/v2\/users\/2"}],"replies":[{"embeddable":true,"href":"http:\/\/archiv.szolnoktv.hu\/index.php?rest_route=%2Fwp%2Fv2%2Fcomments&post=30132"}],"version-history":[{"count":1,"href":"http:\/\/archiv.szolnoktv.hu\/index.php?rest_route=\/wp\/v2\/posts\/30132\/revisions"}],"predecessor-version":[{"id":30234,"href":"http:\/\/archiv.szolnoktv.hu\/index.php?rest_route=\/wp\/v2\/posts\/30132\/revisions\/30234"}],"wp:attachment":[{"href":"http:\/\/archiv.szolnoktv.hu\/index.php?rest_route=%2Fwp%2Fv2%2Fmedia&parent=30132"}],"wp:term":[{"taxonomy":"category","embeddable":true,"href":"http:\/\/archiv.szolnoktv.hu\/index.php?rest_route=%2Fwp%2Fv2%2Fcategories&post=30132"},{"taxonomy":"post_tag","embeddable":true,"href":"http:\/\/archiv.szolnoktv.hu\/index.php?rest_route=%2Fwp%2Fv2%2Ftags&post=30132"}],"curies":[{"name":"wp","href":"https:\/\/api.w.org\/{rel}","templated":true}]}}