{"id":30131,"date":"2008-01-24T21:30:07","date_gmt":"2008-01-24T21:30:07","guid":{"rendered":"http:\/\/archiv.szolnoktv.hu\/?p=30131"},"modified":"2021-11-17T11:05:23","modified_gmt":"2021-11-17T11:05:23","slug":"nepszerusegi-mutatok","status":"publish","type":"post","link":"http:\/\/archiv.szolnoktv.hu\/?p=30131","title":{"rendered":"N\u00e9pszer\u0171s\u00e9gi mutat\u00f3k"},"content":{"rendered":"<div class='booster-block booster-read-block'><\/div><p>A Medi\u00e1n f\u00f6lm\u00e9r\u00e9se szerint tov\u00e1bb romlott a szocialist\u00e1k meg\u00edt\u00e9l\u00e9se. A k\u00f6zv\u00e9lem\u00e9nykutat\u00f3 szerint az MSzP a legelutas\u00edtottabb parlamenti p\u00e1rt \u00e9s m\u00e9g soha ennyien nem mondt\u00e1k azt: semmik\u00e9ppen sem szavazn\u00e1nak jel\u00f6ltjeikre.<br \/>\nA nagyobb korm\u00e1nyp\u00e1rt a teljes \u00e9s szavaz\u00f3k\u00e9pes n\u00e9pess\u00e9g k\u00f6r\u00e9ben h\u00fasz sz\u00e1zal\u00e9k al\u00e1 esett. A biztosok \u00e1ltal megk\u00e9rdezettek h\u00e1romnegyede azt mondta: soha ilyen rosszul m\u00e9g nem mentek a dolgok Magyarorsz\u00e1gon, mint mostan\u00e1ban. A Fidesz n\u00e9pszer\u0171s\u00e9ge tov\u00e1bb n\u0151tt. Olyannyira, hogy t\u00e1mogat\u00f3inak ar\u00e1nya minden v\u00e1laszt\u00f3i csoportban k\u00e9tszerese a szocialist\u00e1k\u00e9nak. Decemberben m\u00e9g nem eg\u00e9szen \u00edgy volt. Az akkori f\u00f6lm\u00e9r\u00e9s azt mutatta, hogy az ellenz\u00e9ki p\u00e1rt n\u00e9pszer\u0171s\u00e9g\u00e9nek sz\u00e1rnyal\u00e1sa nemcsak meg\u00e1llt, de cs\u00f6kkent is. Az egy gazdas\u00e1gi hetilap \u00e1ltal v\u00e9geztetett k\u00f6zv\u00e9lem\u00e9ny kutat\u00e1s \u00e9rdekess\u00e9ge, hogy  Debrecen fideszes polg\u00e1rmester\u00e9nek n\u00e9pszer\u0171s\u00e9ge nagyot n\u0151tt, imm\u00e1r els\u0151 a list\u00e1n. Az MSZP-re biztosan szavaz\u00f3k k\u00f6z\u00fcl K\u00f3sa Lajost, a Fidesz aleln\u00f6k\u00e9t utas\u00edtj\u00e1k el a legkevesebben. Majd fel\u00fck sz\u00edvesen l\u00e1tn\u00e1 fontos politikai szerepben. A karcagi Varga Mih\u00e1lyt, az Orb\u00e1n- korm\u00e1ny volt miniszter\u00e9t a szocialist\u00e1kra voksol\u00f3k negyede elfogadn\u00e1 jelent\u0151sebb poz\u00edci\u00f3ban is.<\/p>\n","protected":false},"excerpt":{"rendered":"<p>A Medi\u00e1n f\u00f6lm\u00e9r\u00e9se szerint tov\u00e1bb romlott a szocialist\u00e1k meg\u00edt\u00e9l\u00e9se. A k\u00f6zv\u00e9lem\u00e9nykutat\u00f3 szerint az MSzP a legelutas\u00edtottabb parlamenti p\u00e1rt \u00e9s m\u00e9g soha ennyien nem mondt\u00e1k azt: semmik\u00e9ppen sem szavazn\u00e1nak jel\u00f6ltjeikre. A nagyobb korm\u00e1nyp\u00e1rt a teljes \u00e9s szavaz\u00f3k\u00e9pes n\u00e9pess\u00e9g k\u00f6r\u00e9ben h\u00fasz sz\u00e1zal\u00e9k al\u00e1 esett. A biztosok \u00e1ltal megk\u00e9rdezettek h\u00e1romnegyede azt mondta: soha ilyen rosszul m\u00e9g nem mentek [&hellip;]<\/p>\n","protected":false},"author":2,"featured_media":0,"comment_status":"open","ping_status":"open","sticky":false,"template":"","format":"standard","meta":[],"categories":[24],"tags":[],"_links":{"self":[{"href":"http:\/\/archiv.szolnoktv.hu\/index.php?rest_route=\/wp\/v2\/posts\/30131"}],"collection":[{"href":"http:\/\/archiv.szolnoktv.hu\/index.php?rest_route=\/wp\/v2\/posts"}],"about":[{"href":"http:\/\/archiv.szolnoktv.hu\/index.php?rest_route=\/wp\/v2\/types\/post"}],"author":[{"embeddable":true,"href":"http:\/\/archiv.szolnoktv.hu\/index.php?rest_route=\/wp\/v2\/users\/2"}],"replies":[{"embeddable":true,"href":"http:\/\/archiv.szolnoktv.hu\/index.php?rest_route=%2Fwp%2Fv2%2Fcomments&post=30131"}],"version-history":[{"count":1,"href":"http:\/\/archiv.szolnoktv.hu\/index.php?rest_route=\/wp\/v2\/posts\/30131\/revisions"}],"predecessor-version":[{"id":30235,"href":"http:\/\/archiv.szolnoktv.hu\/index.php?rest_route=\/wp\/v2\/posts\/30131\/revisions\/30235"}],"wp:attachment":[{"href":"http:\/\/archiv.szolnoktv.hu\/index.php?rest_route=%2Fwp%2Fv2%2Fmedia&parent=30131"}],"wp:term":[{"taxonomy":"category","embeddable":true,"href":"http:\/\/archiv.szolnoktv.hu\/index.php?rest_route=%2Fwp%2Fv2%2Fcategories&post=30131"},{"taxonomy":"post_tag","embeddable":true,"href":"http:\/\/archiv.szolnoktv.hu\/index.php?rest_route=%2Fwp%2Fv2%2Ftags&post=30131"}],"curies":[{"name":"wp","href":"https:\/\/api.w.org\/{rel}","templated":true}]}}