{"id":30129,"date":"2008-01-24T21:26:10","date_gmt":"2008-01-24T21:26:10","guid":{"rendered":"http:\/\/archiv.szolnoktv.hu\/?p=30129"},"modified":"2021-11-17T11:05:23","modified_gmt":"2021-11-17T11:05:23","slug":"kozgyules-40","status":"publish","type":"post","link":"http:\/\/archiv.szolnoktv.hu\/?p=30129","title":{"rendered":"K\u00f6zgy\u0171l\u00e9s"},"content":{"rendered":"<div class='booster-block booster-read-block'><\/div><p>Dr\u00e1gul\u00f3 parkol\u00e1s \u00e9s k\u00f6z\u00e9tkeztet\u00e9s. Mindezekr\u0151l mai \u00fcl\u00e9s\u00e9n hat\u00e1rozott Szolnok Megyei Jog\u00fa V\u00e1ros K\u00f6zgy\u0171l\u00e9se. A test\u00fclet d\u00f6nt\u00f6tt az oktat\u00e1si int\u00e9zm\u00e9nyek informatikai fejleszt\u00e9s\u00e9t c\u00e9lz\u00f3 p\u00e1ly\u00e1zat beny\u00fajt\u00e1s\u00e1r\u00f3l is, azt viszont m\u00e9g nem tudni, hogy mekkora \u00f6sszeg nyerhet\u0151 erre a c\u00e9lra, mert hi\u00e1nyosan jelent meg a Nemzeti Fejleszt\u00e9si \u00dcgyn\u00f6ks\u00e9g ki\u00edr\u00e1sa.<br \/>\nTov\u00e1bbra sincs megnyugat\u00f3 megold\u00e1s &#8211; a lehet\u0151s\u00e9gekhez k\u00e9pest a legjobb javaslat k\u00e9sz\u00fclt. Mindk\u00e9t v\u00e9lem\u00e9ny a parkol\u00e1si rendelet m\u00f3dos\u00edt\u00e1s\u00e1nak vit\u00e1ja sor\u00e1n hangzott el. A szocialista k\u00e9pvisel\u0151k f\u0151k\u00e9nt a koncepci\u00f3t, az \u00e1tgondolts\u00e1got \u00e9s a hat\u00e1stanulm\u00e1nyokat, felm\u00e9r\u00e9seket hi\u00e1nyolt\u00e1k, mik\u00f6zben szerint\u00fck nem minden, a fizet\u0151 rendszerbe \u00fajonnan beker\u00fcl\u0151 k\u00f6rzetben \u00f6r\u00fclnek a v\u00e1ltoz\u00e1soknak. A Fidesz-frakci\u00f3 viszont \u00fagy l\u00e1tja, \u00e9ppen a lakoss\u00e1gi \u00e9szrev\u00e9telek, panaszok gener\u00e1lt\u00e1k a m\u00f3dos\u00edt\u00e1st, miszerint az aut\u00f3sok a nem fizet\u0151s helyeket foglalj\u00e1k el az ott lak\u00f3kt\u00f3l. A jelent\u0151sebb m\u00e9rt\u00e9k\u0171 belv\u00e1rosi d\u00edjemel\u00e9st is az\u00e9rt szorgalmazt\u00e1k, hogy lehet\u0151s\u00e9g szerint mindenki csak a felt\u00e9tlen\u00fcl sz\u00fcks\u00e9ges ideig v\u00e1rakozzon, biztos\u00edtva ezzel a g\u00e9pj\u00e1rm\u0171vek s\u0171r\u0171bb cser\u00e9l\u0151d\u00e9s\u00e9t. A 15 igen, 6 nem \u00e9s 4 tart\u00f3zkod\u00e1s mellett elfogadott rendelet szerint az egyes, piros z\u00f3n\u00e1ban 230 forint, a kettes, s\u00e1rg\u00e1ban pedig 160 forint lesz egy \u00f3ra v\u00e1rakoz\u00e1s febru\u00e1r elsej\u00e9t\u0151l. Kialak\u00edtanak \u00faj, z\u00f6ld z\u00f3n\u00e1t is j\u00fanius v\u00e9g\u00e9ig, az ide sorolt utc\u00e1kban j\u00falius elsej\u00e9t\u0151l kell majd fizetni, \u00f3r\u00e1nk\u00e9nt 130 forintot. Kiv\u00e9tel a vas\u00fat\u00e1llom\u00e1sn\u00e1l tal\u00e1lhat\u00f3 57 parkol\u00f3, ezt a ter\u00fcletet ugyanis \u00e1tsorolt\u00e1k a h\u00e1rmas z\u00f3n\u00e1ba, itt teh\u00e1t a tavalyin\u00e1l 20 forinttal kevesebbet kell fizetni a k\u00f6vetkez\u0151 h\u00f3napt\u00f3l. Figyelembe v\u00e9ve a b\u00e9rletek kor\u00e1bbi 8 sz\u00e1zal\u00e9kos dr\u00e1gul\u00e1s\u00e1t \u00e9s a mai, 37 sz\u00e1zal\u00e9kos d\u00edjemel\u00e9st, \u00e1tlagosan 27 sz\u00e1zal\u00e9kkal kell t\u00f6bbet fizetni Szolnokon a parkol\u00e1s\u00e9rt. Emelkednek a int\u00e9zm\u00e9nyi t\u00e9r\u00edt\u00e9si d\u00edjak is, az eg\u00e9sz napos b\u00f6lcs\u0151dei ell\u00e1t\u00e1s 334, az \u00f3vodai 336, az \u00e1ltal\u00e1nos iskolai 433 forintba ker\u00fcl majd, m\u00edg a k\u00f6z\u00e9piskol\u00e1k menz\u00e1j\u00e1n 312 forint lesz az eb\u00e9d \u00e1ra. Azt viszont a szolnoki \u00f6nkorm\u00e1nyzat kezdem\u00e9nyez\u00e9s\u00e9re tette lehet\u0151v\u00e9 a t\u00f6rv\u00e9ny, hogy p\u00e9ld\u00e1ul a Liget Otthon lak\u00f3inak a kor\u00e1bban az \u00e1llam \u00e1ltal drasztikusan megemelt 132 ezer forint helyett csak 78 ezret kell havonta fizetni\u00fck. 20, h\u00e1tr\u00e1nyosan r\u00e1szorult gyermek sz\u00e1m\u00e1ra biztos\u00edt a h\u00e9tv\u00e9g\u00e9ken \u00e9s a tan\u00edt\u00e1si sz\u00fcnetekben meleg eb\u00e9det a Gyermek\u00e9tkeztet\u00e9si Alap\u00edtv\u00e1ny \u00e1ltal ki\u00edrt p\u00e1ly\u00e1zat. Az idei \u00e9vre sz\u00fcks\u00e9ges 150 ezer forintos \u00f6ner\u0151 biztos\u00edt\u00e1s\u00e1r\u00f3l egyhang\u00falag d\u00f6nt\u00f6tt a test\u00fclet, mint ahogy tette ezt az oktat\u00e1si int\u00e9zm\u00e9nyek informatikai fejleszt\u00e9s\u00e9t lehet\u0151v\u00e9 t\u00e9v\u0151 p\u00e1ly\u00e1zat kapcs\u00e1n. Az el\u0151k\u00e9sz\u00edt\u0151 munk\u00e1latok legfeljebb 30 milli\u00f3 forintba ker\u00fclnek, azt viszont a hi\u00e1nyos ki\u00edr\u00e1s miatt m\u00e9g nem tudni, hogy a megyesz\u00e9khely \u00f6nkorm\u00e1nyzata mekkora \u00f6sszeget rem\u00e9lhet. Mindenesetre 677 m\u00e9diak\u00e9pes sz\u00e1m\u00edt\u00f3g\u00e9ppel \u00e9s 400-n\u00e1l is t\u00f6bb tantermi informatikai csomaggal, eszk\u00f6zzel gyarapodn\u00e1nak a szolnoki iskol\u00e1k.<\/p>\n","protected":false},"excerpt":{"rendered":"<p>Dr\u00e1gul\u00f3 parkol\u00e1s \u00e9s k\u00f6z\u00e9tkeztet\u00e9s. Mindezekr\u0151l mai \u00fcl\u00e9s\u00e9n hat\u00e1rozott Szolnok Megyei Jog\u00fa V\u00e1ros K\u00f6zgy\u0171l\u00e9se. A test\u00fclet d\u00f6nt\u00f6tt az oktat\u00e1si int\u00e9zm\u00e9nyek informatikai fejleszt\u00e9s\u00e9t c\u00e9lz\u00f3 p\u00e1ly\u00e1zat beny\u00fajt\u00e1s\u00e1r\u00f3l is, azt viszont m\u00e9g nem tudni, hogy mekkora \u00f6sszeg nyerhet\u0151 erre a c\u00e9lra, mert hi\u00e1nyosan jelent meg a Nemzeti Fejleszt\u00e9si \u00dcgyn\u00f6ks\u00e9g ki\u00edr\u00e1sa. Tov\u00e1bbra sincs megnyugat\u00f3 megold\u00e1s &#8211; a lehet\u0151s\u00e9gekhez k\u00e9pest a [&hellip;]<\/p>\n","protected":false},"author":2,"featured_media":0,"comment_status":"open","ping_status":"open","sticky":false,"template":"","format":"standard","meta":[],"categories":[24],"tags":[],"_links":{"self":[{"href":"http:\/\/archiv.szolnoktv.hu\/index.php?rest_route=\/wp\/v2\/posts\/30129"}],"collection":[{"href":"http:\/\/archiv.szolnoktv.hu\/index.php?rest_route=\/wp\/v2\/posts"}],"about":[{"href":"http:\/\/archiv.szolnoktv.hu\/index.php?rest_route=\/wp\/v2\/types\/post"}],"author":[{"embeddable":true,"href":"http:\/\/archiv.szolnoktv.hu\/index.php?rest_route=\/wp\/v2\/users\/2"}],"replies":[{"embeddable":true,"href":"http:\/\/archiv.szolnoktv.hu\/index.php?rest_route=%2Fwp%2Fv2%2Fcomments&post=30129"}],"version-history":[{"count":1,"href":"http:\/\/archiv.szolnoktv.hu\/index.php?rest_route=\/wp\/v2\/posts\/30129\/revisions"}],"predecessor-version":[{"id":30237,"href":"http:\/\/archiv.szolnoktv.hu\/index.php?rest_route=\/wp\/v2\/posts\/30129\/revisions\/30237"}],"wp:attachment":[{"href":"http:\/\/archiv.szolnoktv.hu\/index.php?rest_route=%2Fwp%2Fv2%2Fmedia&parent=30129"}],"wp:term":[{"taxonomy":"category","embeddable":true,"href":"http:\/\/archiv.szolnoktv.hu\/index.php?rest_route=%2Fwp%2Fv2%2Fcategories&post=30129"},{"taxonomy":"post_tag","embeddable":true,"href":"http:\/\/archiv.szolnoktv.hu\/index.php?rest_route=%2Fwp%2Fv2%2Ftags&post=30129"}],"curies":[{"name":"wp","href":"https:\/\/api.w.org\/{rel}","templated":true}]}}