{"id":30128,"date":"2008-01-23T20:09:35","date_gmt":"2008-01-23T20:09:35","guid":{"rendered":"http:\/\/archiv.szolnoktv.hu\/?p=30128"},"modified":"2021-11-17T11:05:23","modified_gmt":"2021-11-17T11:05:23","slug":"van-igeny-a-mozgasra","status":"publish","type":"post","link":"http:\/\/archiv.szolnoktv.hu\/?p=30128","title":{"rendered":"Van ig\u00e9ny a mozg\u00e1sra"},"content":{"rendered":"<div class='booster-block booster-read-block'><\/div><p>Az eg\u00e9szs\u00e9ges \u00e9letm\u00f3d\u00e9rt. Els\u0151sorban a k\u00f6z\u00e9pkoroszt\u00e1lyt c\u00e9lozza meg Szolnok leg\u00fajabb \u00e9s legmodernebb fitness szalonja. B\u00e1r a l\u00e9tes\u00edtm\u00e9ny december eleje \u00f3ta l\u00e1togathat\u00f3, a hivatalos megnyit\u00f3t d\u00e9lut\u00e1n tartott\u00e1k.<br \/>\n\u00dagy t\u0171nik az egykori B\u00e1bak\u00e9pz\u0151, mint eg\u00e9szs\u00e9g\u00fcgyi int\u00e9zm\u00e9ny az ut\u00f3kornak is meg\u0151rz\u00f6tt valamit egykori funkci\u00f3j\u00e1b\u00f3l. Az \u00e9p\u00fcletet ugyanis megv\u00e1s\u00e1rolta, majd fel\u00faj\u00edtotta az egyik szolnoki \u00e9p\u00edt\u0151ipari c\u00e9g. A Baross 41. Kft. azonban nemcsak lak\u00e1sokat alak\u00edtott ki az \u00e9p\u00fcletben, hanem kihaszn\u00e1lva annak adotts\u00e1gait, az alagsorban egy minden ig\u00e9nyt kiel\u00e9g\u00edt\u0151 fitnesz k\u00f6zpontot hozott l\u00e9tre. A csaknem 700 n\u00e9gyzetm\u00e9teres komplexum meg\u00e9p\u00edt\u00e9se el\u0151tt m\u00e9g k\u00f6zv\u00e9lem\u00e9nykutat\u00e1st is v\u00e9geztek, mekkora ig\u00e9ny mutatkozik egy ilyen t\u00edpus\u00fa szalonra. A hivatalos \u00e1tad\u00e1son Szalay Ferenc kiemelte: mennyire fontos, hogy egy ilyen l\u00e9tes\u00edtm\u00e9ny mag\u00e1nt\u0151k\u00e9b\u0151l j\u00f6tt l\u00e9tre, mert ez is azt mutatja, hogy van ig\u00e9ny egy ilyes szint\u0171 l\u00e9tes\u00edtm\u00e9nyre. Ahogy a polg\u00e1rmester fogalmazott: szerencs\u00e9s m\u00f3don tal\u00e1lkozott az \u00fczleti \u00e9rdek \u00e9s az eg\u00e9szs\u00e9ges \u00e9letm\u00f3dra val\u00f3 ig\u00e9ny.<\/p>\n","protected":false},"excerpt":{"rendered":"<p>Az eg\u00e9szs\u00e9ges \u00e9letm\u00f3d\u00e9rt. Els\u0151sorban a k\u00f6z\u00e9pkoroszt\u00e1lyt c\u00e9lozza meg Szolnok leg\u00fajabb \u00e9s legmodernebb fitness szalonja. B\u00e1r a l\u00e9tes\u00edtm\u00e9ny december eleje \u00f3ta l\u00e1togathat\u00f3, a hivatalos megnyit\u00f3t d\u00e9lut\u00e1n tartott\u00e1k. \u00dagy t\u0171nik az egykori B\u00e1bak\u00e9pz\u0151, mint eg\u00e9szs\u00e9g\u00fcgyi int\u00e9zm\u00e9ny az ut\u00f3kornak is meg\u0151rz\u00f6tt valamit egykori funkci\u00f3j\u00e1b\u00f3l. Az \u00e9p\u00fcletet ugyanis megv\u00e1s\u00e1rolta, majd fel\u00faj\u00edtotta az egyik szolnoki \u00e9p\u00edt\u0151ipari c\u00e9g. A Baross 41. [&hellip;]<\/p>\n","protected":false},"author":2,"featured_media":0,"comment_status":"open","ping_status":"open","sticky":false,"template":"","format":"standard","meta":[],"categories":[24],"tags":[],"_links":{"self":[{"href":"http:\/\/archiv.szolnoktv.hu\/index.php?rest_route=\/wp\/v2\/posts\/30128"}],"collection":[{"href":"http:\/\/archiv.szolnoktv.hu\/index.php?rest_route=\/wp\/v2\/posts"}],"about":[{"href":"http:\/\/archiv.szolnoktv.hu\/index.php?rest_route=\/wp\/v2\/types\/post"}],"author":[{"embeddable":true,"href":"http:\/\/archiv.szolnoktv.hu\/index.php?rest_route=\/wp\/v2\/users\/2"}],"replies":[{"embeddable":true,"href":"http:\/\/archiv.szolnoktv.hu\/index.php?rest_route=%2Fwp%2Fv2%2Fcomments&post=30128"}],"version-history":[{"count":1,"href":"http:\/\/archiv.szolnoktv.hu\/index.php?rest_route=\/wp\/v2\/posts\/30128\/revisions"}],"predecessor-version":[{"id":30238,"href":"http:\/\/archiv.szolnoktv.hu\/index.php?rest_route=\/wp\/v2\/posts\/30128\/revisions\/30238"}],"wp:attachment":[{"href":"http:\/\/archiv.szolnoktv.hu\/index.php?rest_route=%2Fwp%2Fv2%2Fmedia&parent=30128"}],"wp:term":[{"taxonomy":"category","embeddable":true,"href":"http:\/\/archiv.szolnoktv.hu\/index.php?rest_route=%2Fwp%2Fv2%2Fcategories&post=30128"},{"taxonomy":"post_tag","embeddable":true,"href":"http:\/\/archiv.szolnoktv.hu\/index.php?rest_route=%2Fwp%2Fv2%2Ftags&post=30128"}],"curies":[{"name":"wp","href":"https:\/\/api.w.org\/{rel}","templated":true}]}}