{"id":30127,"date":"2008-01-23T20:08:18","date_gmt":"2008-01-23T20:08:18","guid":{"rendered":"http:\/\/archiv.szolnoktv.hu\/?p=30127"},"modified":"2021-11-17T11:05:23","modified_gmt":"2021-11-17T11:05:23","slug":"kulcsra-zarjak-a-betegek-ertekeit","status":"publish","type":"post","link":"http:\/\/archiv.szolnoktv.hu\/?p=30127","title":{"rendered":"Kulcsra z\u00e1rj\u00e1k a betegek \u00e9rt\u00e9keit"},"content":{"rendered":"<div class='booster-block booster-read-block'><\/div><p>M\u00e9g nem d\u00f6nt\u00f6tte el a Het\u00e9nyi G\u00e9za K\u00f3rh\u00e1z vezet\u00e9se: melyik gy\u00e1rt\u00f3t\u00f3l rendeli meg a t\u00f6bb mint ezer darab sz\u00e9fet. A mintadarabokat m\u00e1r l\u00e1tt\u00e1k, a kiv\u00e1laszt\u00e1sn\u00e1l az \u00e1r mellett a haszn\u00e1lhat\u00f3s\u00e1g \u00e9s a felszerelhet\u0151s\u00e9g lesz a legf\u0151bb szempont. A szakt\u00e1rca szerint a betegl\u00e1togat\u00e1si id\u0151 korl\u00e1toz\u00e1s\u00e1val nem, a sz\u00e9fek haszn\u00e1lhat\u00e1val viszont visszaszor\u00edthat\u00f3 lesz a k\u00f3rh\u00e1zi lop\u00e1sok sz\u00e1m\u00e1nak tov\u00e1bbi n\u00f6veked\u00e9se.<br \/>\nHorv\u00e1th \u00c1gnes eg\u00e9szs\u00e9g\u00fcgyi miniszter rendeletben tette k\u00f6telez\u0151v\u00e9, hogy febru\u00e1r 15-t\u0151l a k\u00f3rh\u00e1zakban minden beteg sz\u00e1m\u00e1ra &#8211; kiv\u00e9ve a csecsem\u0151-, az intenz\u00edv, \u00e9s egyes pszichi\u00e1triai oszt\u00e1lyokat &#8211; szem\u00e9lyi sz\u00e9fet szereljenek f\u00f6l. A beruh\u00e1z\u00e1s \u00f6sszesen 5-600 milli\u00f3, k\u00f3rh\u00e1zank\u00e9nt \u00e1tlagosan  4-5 milli\u00f3 forintba ker\u00fcl. A miniszt\u00e9rium honlapj\u00e1n az \u00e1ll: a rendeletre az\u00e9rt van sz\u00fcks\u00e9g, mert \u00e9vente t\u00f6bb mint 1200 k\u00f3rh\u00e1zi lop\u00e1s t\u00f6rt\u00e9nik, amit a betegl\u00e1togat\u00e1si id\u0151 korl\u00e1toz\u00e1s\u00e1val nem lehet visszaszor\u00edtani, mivel az s\u00e9rti a betegek jogait. A Het\u00e9nyi G\u00e9za K\u00f3rh\u00e1znak t\u00f6bb mint ezer sz\u00e9fre van sz\u00fcks\u00e9ge, azt azonban m\u00e9g nem d\u00f6nt\u00f6tt\u00e9k el a t\u00f6bb mint t\u00edz c\u00e9g k\u00f6z\u00fcl melyikt\u0151l rendelik meg ezeket. Egy-egy sz\u00e9f \u00e1ra 4800-t\u00f3l 16000 forintig is terjedhet. Ezt azonban fizeti a miniszt\u00e9rium, s\u0151t az erre sz\u00e1nt p\u00e9nzt m\u00e1r decemberben kiutalt\u00e1k az int\u00e9zm\u00e9nynek. A sz\u00e9fek kiv\u00e1laszt\u00e1s\u00e1n\u00e1l a k\u00f3rh\u00e1z szakemberei els\u0151sorban a haszn\u00e1lhat\u00f3s\u00e1got,  a k\u00fcllemet \u00e9s a felszerelhet\u0151s\u00e9get veszik figyelembe. Azt, hogy a k\u00f3rh\u00e1zak hat\u00e1rid\u0151re beszereltett\u00e9k-e a sz\u00e9fekete az \u00c1llami N\u00e9peg\u00e9szs\u00e9g\u00fcgyi Int\u00e9zet ellen\u0151rzi, s egyedileg m\u00e9rlegel az esetleges id\u0151pontcs\u00fasz\u00e1sr\u00f3l. El\u0151fordulhat ugyanis, hogy a sok beteget fogad\u00f3 nagy int\u00e9zm\u00e9nyek sz\u00e1m\u00e1ra a megadott hat\u00e1rid\u0151re nem tudja azokat lesz\u00e1ll\u00edtani a gy\u00e1rt\u00f3.<\/p>\n","protected":false},"excerpt":{"rendered":"<p>M\u00e9g nem d\u00f6nt\u00f6tte el a Het\u00e9nyi G\u00e9za K\u00f3rh\u00e1z vezet\u00e9se: melyik gy\u00e1rt\u00f3t\u00f3l rendeli meg a t\u00f6bb mint ezer darab sz\u00e9fet. A mintadarabokat m\u00e1r l\u00e1tt\u00e1k, a kiv\u00e1laszt\u00e1sn\u00e1l az \u00e1r mellett a haszn\u00e1lhat\u00f3s\u00e1g \u00e9s a felszerelhet\u0151s\u00e9g lesz a legf\u0151bb szempont. A szakt\u00e1rca szerint a betegl\u00e1togat\u00e1si id\u0151 korl\u00e1toz\u00e1s\u00e1val nem, a sz\u00e9fek haszn\u00e1lhat\u00e1val viszont visszaszor\u00edthat\u00f3 lesz a k\u00f3rh\u00e1zi lop\u00e1sok sz\u00e1m\u00e1nak [&hellip;]<\/p>\n","protected":false},"author":2,"featured_media":0,"comment_status":"open","ping_status":"open","sticky":false,"template":"","format":"standard","meta":[],"categories":[24],"tags":[],"_links":{"self":[{"href":"http:\/\/archiv.szolnoktv.hu\/index.php?rest_route=\/wp\/v2\/posts\/30127"}],"collection":[{"href":"http:\/\/archiv.szolnoktv.hu\/index.php?rest_route=\/wp\/v2\/posts"}],"about":[{"href":"http:\/\/archiv.szolnoktv.hu\/index.php?rest_route=\/wp\/v2\/types\/post"}],"author":[{"embeddable":true,"href":"http:\/\/archiv.szolnoktv.hu\/index.php?rest_route=\/wp\/v2\/users\/2"}],"replies":[{"embeddable":true,"href":"http:\/\/archiv.szolnoktv.hu\/index.php?rest_route=%2Fwp%2Fv2%2Fcomments&post=30127"}],"version-history":[{"count":1,"href":"http:\/\/archiv.szolnoktv.hu\/index.php?rest_route=\/wp\/v2\/posts\/30127\/revisions"}],"predecessor-version":[{"id":30239,"href":"http:\/\/archiv.szolnoktv.hu\/index.php?rest_route=\/wp\/v2\/posts\/30127\/revisions\/30239"}],"wp:attachment":[{"href":"http:\/\/archiv.szolnoktv.hu\/index.php?rest_route=%2Fwp%2Fv2%2Fmedia&parent=30127"}],"wp:term":[{"taxonomy":"category","embeddable":true,"href":"http:\/\/archiv.szolnoktv.hu\/index.php?rest_route=%2Fwp%2Fv2%2Fcategories&post=30127"},{"taxonomy":"post_tag","embeddable":true,"href":"http:\/\/archiv.szolnoktv.hu\/index.php?rest_route=%2Fwp%2Fv2%2Ftags&post=30127"}],"curies":[{"name":"wp","href":"https:\/\/api.w.org\/{rel}","templated":true}]}}