{"id":30126,"date":"2008-01-23T20:07:05","date_gmt":"2008-01-23T20:07:05","guid":{"rendered":"http:\/\/archiv.szolnoktv.hu\/?p=30126"},"modified":"2021-11-17T11:05:23","modified_gmt":"2021-11-17T11:05:23","slug":"penzugyekrol-onkormanyzatoknak","status":"publish","type":"post","link":"http:\/\/archiv.szolnoktv.hu\/?p=30126","title":{"rendered":"P\u00e9nz\u00fcgyekr\u0151l \u00f6nkorm\u00e1nyzatoknak"},"content":{"rendered":"<div class='booster-block booster-read-block'><\/div><p>\u00d6nkorm\u00e1nyzati f\u00f3rumra h\u00edvta \u00fcgyfeleit a Tiszaf\u00fcred \u00e9s Vid\u00e9ke Takar\u00e9ksz\u00f6vetkezet. T\u00e9rs\u00e9g\u00fcnk polg\u00e1rmesterei \u00e9s p\u00e9nz\u00fcgyi vezet\u0151i t\u00f6bbek k\u00f6z\u00f6tt forr\u00e1slehet\u0151s\u00e9gekr\u0151l t\u00e1j\u00e9koz\u00f3dhattak.<br \/>\nEgy felm\u00e9r\u00e9s szerint az orsz\u00e1gban m\u0171k\u00f6d\u0151 3167 \u00f6nkorm\u00e1nyzat t\u00falnyom\u00f3 t\u00f6bbs\u00e9ge ad\u00f3ss\u00e1gspir\u00e1lba ker\u00fclt, mivel az \u00e1llami finansz\u00edroz\u00e1s nem fedezi a k\u00f6telez\u0151en ell\u00e1tand\u00f3 feladatokat. T\u00e9rs\u00e9g\u00fcnk \u00f6nkorm\u00e1nyzatai is gyakran int\u00e9zm\u00e9nyeik bez\u00e1r\u00e1s\u00e1ra k\u00e9nyszer\u00fclnek, hogy k\u00f6lts\u00e9gvet\u00e9s\u00fcket fedezhess\u00e9k. Zagyvar\u00e9kas polg\u00e1rmestere, Ag\u00f3cs Gyula elmondta, 13 milli\u00f3 forint m\u00ednusszal kezdt\u00e9k ezt az \u00e9vet, amelynek lefarag\u00e1sa val\u00f3sz\u00edn\u0171leg \u00f3vod\u00e1juk bez\u00e1r\u00e1s\u00e1val indul, hiszen ezzel 7 milli\u00f3 forintot takar\u00edthatnak meg. Term\u00e9szetesen uni\u00f3s lehet\u0151s\u00e9gek is nyitva \u00e1llnak a telep\u00fcl\u00e9s el\u0151tt, hiszen az orsz\u00e1g legelmaradottabb 33 r\u00e9gi\u00f3ja egy\u00fcttesen 130 milli\u00e1rd forint fejleszt\u00e9si forr\u00e1sra p\u00e1ly\u00e1zhat. Zagyvar\u00e9kas legsz\u00edvesebben iskola korszer\u0171s\u00edt\u00e9sre p\u00e1ly\u00e1zna, amelynek \u00f6nr\u00e9sz\u00e9t nem hitelb\u0151l fedezn\u00e9, hanem a telep\u00fcl\u00e9s k\u00e9pvisel\u0151i test\u00fclete lemondana tiszteletd\u00edj\u00e1r\u00f3l, \u00e9s abb\u00f3l \u00e1llna \u00f6ssze a p\u00e9nz. A polg\u00e1rmseter szerint, beruh\u00e1z\u00f3kra ez a telep\u00fcl\u00e9s egyel\u0151re nem sz\u00e1m\u00edthat. Nem\u00fagy Sz\u00e1szberek. \u00d6nkorm\u00e1nyzatuk ugyan rendelkezik hitel\u00e1llom\u00e1nnyal, de komoly fejleszt\u00e9sek el\u00e9be is n\u00e9z. Vasas Zsuzsanna polg\u00e1rmester elmond\u00e1sa szerint telep\u00fcl\u00e9s\u00fck\u00f6n 2010-ig 39 milli\u00e1rd forintos beruh\u00e1z\u00e1ssal \u00e9p\u00fcl meg Eur\u00f3pa egyik legnagyobb pellet\u00e1l\u00f3 \u00fczeme, illetve egy 2,8 milli\u00e1rd forintos \u00e9ves exportot produk\u00e1l\u00f3, \u00faj t\u00fcz\u00e9p telep l\u00e9tes\u00fcl.<\/p>\n","protected":false},"excerpt":{"rendered":"<p>\u00d6nkorm\u00e1nyzati f\u00f3rumra h\u00edvta \u00fcgyfeleit a Tiszaf\u00fcred \u00e9s Vid\u00e9ke Takar\u00e9ksz\u00f6vetkezet. T\u00e9rs\u00e9g\u00fcnk polg\u00e1rmesterei \u00e9s p\u00e9nz\u00fcgyi vezet\u0151i t\u00f6bbek k\u00f6z\u00f6tt forr\u00e1slehet\u0151s\u00e9gekr\u0151l t\u00e1j\u00e9koz\u00f3dhattak. Egy felm\u00e9r\u00e9s szerint az orsz\u00e1gban m\u0171k\u00f6d\u0151 3167 \u00f6nkorm\u00e1nyzat t\u00falnyom\u00f3 t\u00f6bbs\u00e9ge ad\u00f3ss\u00e1gspir\u00e1lba ker\u00fclt, mivel az \u00e1llami finansz\u00edroz\u00e1s nem fedezi a k\u00f6telez\u0151en ell\u00e1tand\u00f3 feladatokat. T\u00e9rs\u00e9g\u00fcnk \u00f6nkorm\u00e1nyzatai is gyakran int\u00e9zm\u00e9nyeik bez\u00e1r\u00e1s\u00e1ra k\u00e9nyszer\u00fclnek, hogy k\u00f6lts\u00e9gvet\u00e9s\u00fcket fedezhess\u00e9k. Zagyvar\u00e9kas polg\u00e1rmestere, Ag\u00f3cs Gyula elmondta, [&hellip;]<\/p>\n","protected":false},"author":2,"featured_media":0,"comment_status":"open","ping_status":"open","sticky":false,"template":"","format":"standard","meta":[],"categories":[24],"tags":[],"_links":{"self":[{"href":"http:\/\/archiv.szolnoktv.hu\/index.php?rest_route=\/wp\/v2\/posts\/30126"}],"collection":[{"href":"http:\/\/archiv.szolnoktv.hu\/index.php?rest_route=\/wp\/v2\/posts"}],"about":[{"href":"http:\/\/archiv.szolnoktv.hu\/index.php?rest_route=\/wp\/v2\/types\/post"}],"author":[{"embeddable":true,"href":"http:\/\/archiv.szolnoktv.hu\/index.php?rest_route=\/wp\/v2\/users\/2"}],"replies":[{"embeddable":true,"href":"http:\/\/archiv.szolnoktv.hu\/index.php?rest_route=%2Fwp%2Fv2%2Fcomments&post=30126"}],"version-history":[{"count":1,"href":"http:\/\/archiv.szolnoktv.hu\/index.php?rest_route=\/wp\/v2\/posts\/30126\/revisions"}],"predecessor-version":[{"id":30240,"href":"http:\/\/archiv.szolnoktv.hu\/index.php?rest_route=\/wp\/v2\/posts\/30126\/revisions\/30240"}],"wp:attachment":[{"href":"http:\/\/archiv.szolnoktv.hu\/index.php?rest_route=%2Fwp%2Fv2%2Fmedia&parent=30126"}],"wp:term":[{"taxonomy":"category","embeddable":true,"href":"http:\/\/archiv.szolnoktv.hu\/index.php?rest_route=%2Fwp%2Fv2%2Fcategories&post=30126"},{"taxonomy":"post_tag","embeddable":true,"href":"http:\/\/archiv.szolnoktv.hu\/index.php?rest_route=%2Fwp%2Fv2%2Ftags&post=30126"}],"curies":[{"name":"wp","href":"https:\/\/api.w.org\/{rel}","templated":true}]}}