{"id":30125,"date":"2008-01-23T20:04:59","date_gmt":"2008-01-23T20:04:59","guid":{"rendered":"http:\/\/archiv.szolnoktv.hu\/?p=30125"},"modified":"2021-11-17T11:05:23","modified_gmt":"2021-11-17T11:05:23","slug":"nem-kimelik-a-parkerdot","status":"publish","type":"post","link":"http:\/\/archiv.szolnoktv.hu\/?p=30125","title":{"rendered":"Nem k\u00edm\u00e9lik a parkerd\u0151t"},"content":{"rendered":"<div class='booster-block booster-read-block'><\/div><p>Nem hullad\u00e9klerak\u00f3! 20 k\u00f6bm\u00e9ter szem\u00e9t halmoz\u00f3dott fel a Sz\u00e9chenyi Parkerd\u0151ben. A tulajdonos Nefag Zrt.-nek nincs p\u00e9nze a ter\u00fclet folyamatos \u0151rz\u00e9s\u00e9re. Az \u00f6szeszedett szemetet a s\u00e1r miatt egyel\u0151re elsz\u00e1ll\u00edtani sem tudj\u00e1k, erre a k\u00f6vetkez\u0151 fagyig v\u00e1rni kell.<br \/>\nA Sz\u00e9chenyi Parkerd\u0151 term\u00e9szetv\u00e9delmi ter\u00fcletnek sz\u00e1m\u00edt, ennek ellen\u00e9re akad aki val\u00f3ban hullad\u00e9klerak\u00f3nak n\u00e9zi a 300 hekt\u00e1ros erd\u0151t. A november \u00f3ta halmoz\u00f3d\u00f3 szemetet most k\u00f6zmunk\u00e1sok gy\u0171jtik. B\u00e1r nem bizony\u00edtott, a felt\u00e9teleze\u00e9sek szerint a k\u00f6rny\u00e9ken \u00e9l\u0151k hordj\u00e1k ide a szemetet. A Nefag Zrt igazgat\u00e1si f\u0151m\u00e9rn\u00f6ke, T\u00f3th Zsolt szerint az \u00f6nkorm\u00e1nyzat, a rend\u0151rs\u00e9g \u00e9s a lakoss\u00e1g \u00f6sszefog\u00e1s\u00e1val lehetne orvosolni a probl\u00e9m\u00e1t. Arra ugyanis nincs p\u00e9nz, hogy folyamatosan \u0151rizz\u00e9k a ter\u00fcletet, ahol egy\u00e9bk\u00e9nt j\u00e1tsz\u00f3t\u00e9r, s\u0151t tornap\u00e1lya is van. Az \u00f6sszegy\u0171jt\u00f6tt szemeteszs\u00e1kokat a nagy s\u00e1r miatt egyel\u0151re elsz\u00e1ll\u00edtani sem tudj\u00e1k az erd\u0151b\u0151l, erre a k\u00f6vetkez\u0151 fagyig v\u00e1rni kell. A k\u00f6r\u00fclbel\u00fcl 20 k\u00f6bm\u00e9ter szem\u00e9t elsz\u00e1ll\u00edt\u00e1sa 1-2 milli\u00f3 forintj\u00e1ba ker\u00fcl a Nefag Zrt.-nek, ezt a p\u00e9nzt eredetileg a parkerd\u0151 tov\u00e1bbi fejleszt\u00e9s\u00e9re sz\u00e1nt\u00e1k volna&#8230;<\/p>\n","protected":false},"excerpt":{"rendered":"<p>Nem hullad\u00e9klerak\u00f3! 20 k\u00f6bm\u00e9ter szem\u00e9t halmoz\u00f3dott fel a Sz\u00e9chenyi Parkerd\u0151ben. A tulajdonos Nefag Zrt.-nek nincs p\u00e9nze a ter\u00fclet folyamatos \u0151rz\u00e9s\u00e9re. Az \u00f6szeszedett szemetet a s\u00e1r miatt egyel\u0151re elsz\u00e1ll\u00edtani sem tudj\u00e1k, erre a k\u00f6vetkez\u0151 fagyig v\u00e1rni kell. A Sz\u00e9chenyi Parkerd\u0151 term\u00e9szetv\u00e9delmi ter\u00fcletnek sz\u00e1m\u00edt, ennek ellen\u00e9re akad aki val\u00f3ban hullad\u00e9klerak\u00f3nak n\u00e9zi a 300 hekt\u00e1ros erd\u0151t. A november [&hellip;]<\/p>\n","protected":false},"author":2,"featured_media":0,"comment_status":"open","ping_status":"open","sticky":false,"template":"","format":"standard","meta":[],"categories":[24],"tags":[],"_links":{"self":[{"href":"http:\/\/archiv.szolnoktv.hu\/index.php?rest_route=\/wp\/v2\/posts\/30125"}],"collection":[{"href":"http:\/\/archiv.szolnoktv.hu\/index.php?rest_route=\/wp\/v2\/posts"}],"about":[{"href":"http:\/\/archiv.szolnoktv.hu\/index.php?rest_route=\/wp\/v2\/types\/post"}],"author":[{"embeddable":true,"href":"http:\/\/archiv.szolnoktv.hu\/index.php?rest_route=\/wp\/v2\/users\/2"}],"replies":[{"embeddable":true,"href":"http:\/\/archiv.szolnoktv.hu\/index.php?rest_route=%2Fwp%2Fv2%2Fcomments&post=30125"}],"version-history":[{"count":1,"href":"http:\/\/archiv.szolnoktv.hu\/index.php?rest_route=\/wp\/v2\/posts\/30125\/revisions"}],"predecessor-version":[{"id":30241,"href":"http:\/\/archiv.szolnoktv.hu\/index.php?rest_route=\/wp\/v2\/posts\/30125\/revisions\/30241"}],"wp:attachment":[{"href":"http:\/\/archiv.szolnoktv.hu\/index.php?rest_route=%2Fwp%2Fv2%2Fmedia&parent=30125"}],"wp:term":[{"taxonomy":"category","embeddable":true,"href":"http:\/\/archiv.szolnoktv.hu\/index.php?rest_route=%2Fwp%2Fv2%2Fcategories&post=30125"},{"taxonomy":"post_tag","embeddable":true,"href":"http:\/\/archiv.szolnoktv.hu\/index.php?rest_route=%2Fwp%2Fv2%2Ftags&post=30125"}],"curies":[{"name":"wp","href":"https:\/\/api.w.org\/{rel}","templated":true}]}}