{"id":30124,"date":"2008-01-23T20:02:52","date_gmt":"2008-01-23T20:02:52","guid":{"rendered":"http:\/\/archiv.szolnoktv.hu\/?p=30124"},"modified":"2021-11-17T11:05:23","modified_gmt":"2021-11-17T11:05:23","slug":"lop-top","status":"publish","type":"post","link":"http:\/\/archiv.szolnoktv.hu\/?p=30124","title":{"rendered":"Lop- top"},"content":{"rendered":"<div class='booster-block booster-read-block'><\/div><p>Rend\u0151rk\u00e9zen a laptop tolvaj. A besurran\u00e1sos lop\u00e1sokkal 600 ezer forint k\u00e1rt okozott a gyan\u00fas\u00edtott, akinek el\u0151zetes letart\u00f3ztat\u00e1sba helyez\u00e9s\u00e9t m\u00e1r kezdem\u00e9nyezte a rend\u0151rs\u00e9g.<br \/>\nAz elm\u00falt k\u00e9t h\u00f3napban a k\u00e9t iskol\u00e1b\u00f3l \u00e9s a polg\u00e1rmesteri hivatalb\u00f3l \u00e9rkezett bejelent\u00e9s, hogy napk\u00f6zben, a bez\u00e1ratlan irod\u00e1kb\u00f3l hordozhat\u00f3 sz\u00e1m\u00edt\u00f3g\u00e9pek t\u0171ntek el a hozz\u00e1juk tartoz\u00f3 t\u00e1sk\u00e1kkal egy\u00fctt. A nyomoz\u00e1s sor\u00e1n hamar a rend\u0151rs\u00e9g l\u00e1t\u00f3k\u00f6r\u00e9be ker\u00fclt a munka- \u00e9s lak\u00e1s n\u00e9lk\u00fcli 28 esztend\u0151s R. Zsolt. A rokonokn\u00e1l \u00e9s az ismer\u0151s\u00f6kn\u00e9l tartott h\u00e1zkutat\u00e1sok sor\u00e1n k\u00e9t laptop \u00e9s egy hordt\u00e1ska el\u0151ker\u00fclt, az okozott k\u00e1r 600 ezer forint. A fiatalember egy\u00e9bk\u00e9nt b\u0171ncselekm\u00e9nyekb\u0151l tartotta fenn mag\u00e1t, az ellopott \u00e9rt\u00e9keket tette p\u00e9nzz\u00e9. A rend\u0151rs\u00e9g azt is vizsg\u00e1lja, hogy a gyan\u00fas\u00edtottnak van-e k\u00f6ze m\u00e1s, hasonl\u00f3 jelleg\u0171, besurran\u00e1sos lop\u00e1sokhoz.<\/p>\n","protected":false},"excerpt":{"rendered":"<p>Rend\u0151rk\u00e9zen a laptop tolvaj. A besurran\u00e1sos lop\u00e1sokkal 600 ezer forint k\u00e1rt okozott a gyan\u00fas\u00edtott, akinek el\u0151zetes letart\u00f3ztat\u00e1sba helyez\u00e9s\u00e9t m\u00e1r kezdem\u00e9nyezte a rend\u0151rs\u00e9g. Az elm\u00falt k\u00e9t h\u00f3napban a k\u00e9t iskol\u00e1b\u00f3l \u00e9s a polg\u00e1rmesteri hivatalb\u00f3l \u00e9rkezett bejelent\u00e9s, hogy napk\u00f6zben, a bez\u00e1ratlan irod\u00e1kb\u00f3l hordozhat\u00f3 sz\u00e1m\u00edt\u00f3g\u00e9pek t\u0171ntek el a hozz\u00e1juk tartoz\u00f3 t\u00e1sk\u00e1kkal egy\u00fctt. A nyomoz\u00e1s sor\u00e1n hamar a rend\u0151rs\u00e9g [&hellip;]<\/p>\n","protected":false},"author":2,"featured_media":0,"comment_status":"open","ping_status":"open","sticky":false,"template":"","format":"standard","meta":[],"categories":[24],"tags":[],"_links":{"self":[{"href":"http:\/\/archiv.szolnoktv.hu\/index.php?rest_route=\/wp\/v2\/posts\/30124"}],"collection":[{"href":"http:\/\/archiv.szolnoktv.hu\/index.php?rest_route=\/wp\/v2\/posts"}],"about":[{"href":"http:\/\/archiv.szolnoktv.hu\/index.php?rest_route=\/wp\/v2\/types\/post"}],"author":[{"embeddable":true,"href":"http:\/\/archiv.szolnoktv.hu\/index.php?rest_route=\/wp\/v2\/users\/2"}],"replies":[{"embeddable":true,"href":"http:\/\/archiv.szolnoktv.hu\/index.php?rest_route=%2Fwp%2Fv2%2Fcomments&post=30124"}],"version-history":[{"count":1,"href":"http:\/\/archiv.szolnoktv.hu\/index.php?rest_route=\/wp\/v2\/posts\/30124\/revisions"}],"predecessor-version":[{"id":30242,"href":"http:\/\/archiv.szolnoktv.hu\/index.php?rest_route=\/wp\/v2\/posts\/30124\/revisions\/30242"}],"wp:attachment":[{"href":"http:\/\/archiv.szolnoktv.hu\/index.php?rest_route=%2Fwp%2Fv2%2Fmedia&parent=30124"}],"wp:term":[{"taxonomy":"category","embeddable":true,"href":"http:\/\/archiv.szolnoktv.hu\/index.php?rest_route=%2Fwp%2Fv2%2Fcategories&post=30124"},{"taxonomy":"post_tag","embeddable":true,"href":"http:\/\/archiv.szolnoktv.hu\/index.php?rest_route=%2Fwp%2Fv2%2Ftags&post=30124"}],"curies":[{"name":"wp","href":"https:\/\/api.w.org\/{rel}","templated":true}]}}