{"id":30123,"date":"2008-01-23T19:57:40","date_gmt":"2008-01-23T19:57:40","guid":{"rendered":"http:\/\/archiv.szolnoktv.hu\/?p=30123"},"modified":"2021-11-17T11:05:23","modified_gmt":"2021-11-17T11:05:23","slug":"marcius-9","status":"publish","type":"post","link":"http:\/\/archiv.szolnoktv.hu\/?p=30123","title":{"rendered":"M\u00e1rcius 9."},"content":{"rendered":"<div class='booster-block booster-read-block'><\/div><p>M\u00e1rcius kilencedik\u00e9n szavaz az orsz\u00e1g. S\u00f3lyom L\u00e1szl\u00f3 k\u00f6zt\u00e1rsas\u00e1gi eln\u00f6k m\u00e1rcius m\u00e1sodik vas\u00e1rnapj\u00e1ra t\u0171zte ki a k\u00f3rh\u00e1zi napid\u00edjr\u00f3l, a vizitd\u00edjr\u00f3l \u00e9s a fels\u0151oktat\u00e1si tand\u00edjr\u00f3l sz\u00f3l\u00f3 \u00fcgyd\u00f6nt\u0151 n\u00e9pszavaz\u00e1st.<br \/>\nAz Orsz\u00e1ggy\u0171l\u00e9s december tizenhetedikei hat\u00e1rozataiban rendelte el az \u00fcgyd\u00f6nt\u0151 n\u00e9pszavaz\u00e1s, miut\u00e1n a Fidesz \u00e9s a KDNP kezdem\u00e9nyez\u00e9s\u00e9re \u00f6sszegy\u0171lt a legal\u00e1bb k\u00e9tsz\u00e1zezer hiteles\u00edtett al\u00e1\u00edr\u00e1s. Az Alkotm\u00e1nyb\u00edr\u00f3s\u00e1g kedden minden tekintetben hely\u00e9nval\u00f3nak tartotta a referendumot, \u00edgy az utols\u00f3 jogi akad\u00e1lya is elh\u00e1rult a k\u00e9t ellenz\u00e9ki p\u00e1rt kezdem\u00e9nyez\u00e9se el\u0151l. A k\u00f6zt\u00e1rsas\u00e1gi eln\u00f6k az Alkotm\u00e1nyb\u00edr\u00f3s\u00e1g d\u00f6nt\u00e9s\u00e9nek Magyar K\u00f6zl\u00f6nyben val\u00f3 megjelen\u00e9s\u00e9t\u0151l sz\u00e1m\u00edtott tizen\u00f6t napon bel\u00fcl k\u00f6teles kit\u0171zni a voksol\u00e1s id\u0151pontj\u00e1t. A referendumot az idevonatkoz\u00f3 jogszab\u00e1lyok szerint az alkotm\u00e1nyb\u00edr\u00f3s\u00e1gi d\u00f6nt\u00e9s ut\u00e1n negyvenh\u00e1rom napon t\u00fal, de kilencven napon bel\u00fcl kell megtartani, azaz m\u00e1rcius kilencedike \u00e9s \u00e1prilis huszadika k\u00f6z\u00f6tt. \u00dcnnepnapon, valamint el\u0151tte \u00e9s ut\u00e1na egy nappal tilos v\u00e1laszt\u00e1st tartani- ebb\u0151l kiindulva ellenz\u00e9ki \u00e9s korm\u00e1nyp\u00e1rti politikusok is valamelyik m\u00e1rcius tizen\u00f6t\u00f6dike ut\u00e1ni vas\u00e1rnapot tartott\u00e1k val\u00f3sz\u00edn\u0171 id\u0151pontnak. Az \u00e1llamf\u0151i bejelent\u00e9st k\u00f6vet\u0151en hivatalosan is kezdet\u00e9t veheti a n\u00e9pszavaz\u00e1si kamp\u00e1ny, amely val\u00f3j\u00e1ban m\u00e1r h\u00f3napok \u00f3ta tart.<\/p>\n","protected":false},"excerpt":{"rendered":"<p>M\u00e1rcius kilencedik\u00e9n szavaz az orsz\u00e1g. S\u00f3lyom L\u00e1szl\u00f3 k\u00f6zt\u00e1rsas\u00e1gi eln\u00f6k m\u00e1rcius m\u00e1sodik vas\u00e1rnapj\u00e1ra t\u0171zte ki a k\u00f3rh\u00e1zi napid\u00edjr\u00f3l, a vizitd\u00edjr\u00f3l \u00e9s a fels\u0151oktat\u00e1si tand\u00edjr\u00f3l sz\u00f3l\u00f3 \u00fcgyd\u00f6nt\u0151 n\u00e9pszavaz\u00e1st. Az Orsz\u00e1ggy\u0171l\u00e9s december tizenhetedikei hat\u00e1rozataiban rendelte el az \u00fcgyd\u00f6nt\u0151 n\u00e9pszavaz\u00e1s, miut\u00e1n a Fidesz \u00e9s a KDNP kezdem\u00e9nyez\u00e9s\u00e9re \u00f6sszegy\u0171lt a legal\u00e1bb k\u00e9tsz\u00e1zezer hiteles\u00edtett al\u00e1\u00edr\u00e1s. Az Alkotm\u00e1nyb\u00edr\u00f3s\u00e1g kedden minden tekintetben hely\u00e9nval\u00f3nak [&hellip;]<\/p>\n","protected":false},"author":2,"featured_media":0,"comment_status":"open","ping_status":"open","sticky":false,"template":"","format":"standard","meta":[],"categories":[24],"tags":[],"_links":{"self":[{"href":"http:\/\/archiv.szolnoktv.hu\/index.php?rest_route=\/wp\/v2\/posts\/30123"}],"collection":[{"href":"http:\/\/archiv.szolnoktv.hu\/index.php?rest_route=\/wp\/v2\/posts"}],"about":[{"href":"http:\/\/archiv.szolnoktv.hu\/index.php?rest_route=\/wp\/v2\/types\/post"}],"author":[{"embeddable":true,"href":"http:\/\/archiv.szolnoktv.hu\/index.php?rest_route=\/wp\/v2\/users\/2"}],"replies":[{"embeddable":true,"href":"http:\/\/archiv.szolnoktv.hu\/index.php?rest_route=%2Fwp%2Fv2%2Fcomments&post=30123"}],"version-history":[{"count":1,"href":"http:\/\/archiv.szolnoktv.hu\/index.php?rest_route=\/wp\/v2\/posts\/30123\/revisions"}],"predecessor-version":[{"id":30243,"href":"http:\/\/archiv.szolnoktv.hu\/index.php?rest_route=\/wp\/v2\/posts\/30123\/revisions\/30243"}],"wp:attachment":[{"href":"http:\/\/archiv.szolnoktv.hu\/index.php?rest_route=%2Fwp%2Fv2%2Fmedia&parent=30123"}],"wp:term":[{"taxonomy":"category","embeddable":true,"href":"http:\/\/archiv.szolnoktv.hu\/index.php?rest_route=%2Fwp%2Fv2%2Fcategories&post=30123"},{"taxonomy":"post_tag","embeddable":true,"href":"http:\/\/archiv.szolnoktv.hu\/index.php?rest_route=%2Fwp%2Fv2%2Ftags&post=30123"}],"curies":[{"name":"wp","href":"https:\/\/api.w.org\/{rel}","templated":true}]}}