{"id":30122,"date":"2008-01-23T19:56:22","date_gmt":"2008-01-23T19:56:22","guid":{"rendered":"http:\/\/archiv.szolnoktv.hu\/?p=30122"},"modified":"2021-11-17T11:05:24","modified_gmt":"2021-11-17T11:05:24","slug":"hajthatatlanok-maradtak","status":"publish","type":"post","link":"http:\/\/archiv.szolnoktv.hu\/?p=30122","title":{"rendered":"Hajthatatlanok maradtak"},"content":{"rendered":"<div class='booster-block booster-read-block'><\/div><p>Lesz Vol\u00e1n sztr\u00e1jk. A mai t\u00e1rgyal\u00e1son sem tudtak meg\u00e1llapodni a munkaad\u00f3k \u00e9s a munkav\u00e1llal\u00f3k, \u00edgy janu\u00e1r harmincadik\u00e1n \u00fczemkezdett\u0151l reggel nyolc \u00f3r\u00e1ig nem j\u00e1rnak az aut\u00f3buszok.<br \/>\nPedig nem sokon m\u00falt a meg\u00e1llapod\u00e1s: a szakszervezetek 7,5 sz\u00e1zal\u00e9kos b\u00e9remel\u00e9st \u00e9s havonta szem\u00e9lyenk\u00e9nt 5 ezer forint tov\u00e1bbi b\u00e9ren k\u00edv\u00fcli juttat\u00e1st k\u00e9rtek, ezzel szemben a munk\u00e1ltat\u00f3 aj\u00e1nlata 5-6,5 sz\u00e1zal\u00e9kos j\u00f6vedelemfejleszt\u00e9s mind a huszonn\u00e9gy Vol\u00e1n-t\u00e1rsas\u00e1gn\u00e1l. A szakszervezetek ezt az aj\u00e1nlatot nem fogadj\u00e1k el, mert a j\u00f6vedelemfejleszt\u00e9s nem tartalmaz b\u00e9rfejleszt\u00e9si r\u00e9szt. A j\u00f6v\u0151 h\u00e9ten \u00fajra egy asztalhoz \u00fcl a K\u00f6z\u00fati K\u00f6zleked\u00e9si V\u00e1llalkoz\u00f3k Sz\u00f6vets\u00e9ge, valamint a n\u00e9gy reprezentat\u00edv vol\u00e1nos szakszervezet: a K\u00f6z\u00fati K\u00f6zleked\u00e9si Szakszervezet, az Aut\u00f3buszk\u00f6zleked\u00e9si Dolgoz\u00f3k Uni\u00f3ja, a K\u00f6zleked\u00e9si Munk\u00e1stan\u00e1csok Sz\u00f6vets\u00e9ge, valamint a Liga K\u00f6zleked\u00e9si Szakszervezetek \u00c1gazati Sz\u00f6vets\u00e9ge, \u00e1m a janu\u00e1r huszonnyolcadikai t\u00e1rgyal\u00e1sokon sem v\u00e1rhat\u00f3 megegyez\u00e9s- legal\u00e1bbis a legt\u00f6bb internetes h\u00edrport\u00e1l t\u00e9nyk\u00e9nt k\u00f6zli a munkabesz\u00fcntet\u00e9st.<\/p>\n","protected":false},"excerpt":{"rendered":"<p>Lesz Vol\u00e1n sztr\u00e1jk. A mai t\u00e1rgyal\u00e1son sem tudtak meg\u00e1llapodni a munkaad\u00f3k \u00e9s a munkav\u00e1llal\u00f3k, \u00edgy janu\u00e1r harmincadik\u00e1n \u00fczemkezdett\u0151l reggel nyolc \u00f3r\u00e1ig nem j\u00e1rnak az aut\u00f3buszok. Pedig nem sokon m\u00falt a meg\u00e1llapod\u00e1s: a szakszervezetek 7,5 sz\u00e1zal\u00e9kos b\u00e9remel\u00e9st \u00e9s havonta szem\u00e9lyenk\u00e9nt 5 ezer forint tov\u00e1bbi b\u00e9ren k\u00edv\u00fcli juttat\u00e1st k\u00e9rtek, ezzel szemben a munk\u00e1ltat\u00f3 aj\u00e1nlata 5-6,5 sz\u00e1zal\u00e9kos j\u00f6vedelemfejleszt\u00e9s [&hellip;]<\/p>\n","protected":false},"author":2,"featured_media":0,"comment_status":"open","ping_status":"open","sticky":false,"template":"","format":"standard","meta":[],"categories":[24],"tags":[],"_links":{"self":[{"href":"http:\/\/archiv.szolnoktv.hu\/index.php?rest_route=\/wp\/v2\/posts\/30122"}],"collection":[{"href":"http:\/\/archiv.szolnoktv.hu\/index.php?rest_route=\/wp\/v2\/posts"}],"about":[{"href":"http:\/\/archiv.szolnoktv.hu\/index.php?rest_route=\/wp\/v2\/types\/post"}],"author":[{"embeddable":true,"href":"http:\/\/archiv.szolnoktv.hu\/index.php?rest_route=\/wp\/v2\/users\/2"}],"replies":[{"embeddable":true,"href":"http:\/\/archiv.szolnoktv.hu\/index.php?rest_route=%2Fwp%2Fv2%2Fcomments&post=30122"}],"version-history":[{"count":1,"href":"http:\/\/archiv.szolnoktv.hu\/index.php?rest_route=\/wp\/v2\/posts\/30122\/revisions"}],"predecessor-version":[{"id":30244,"href":"http:\/\/archiv.szolnoktv.hu\/index.php?rest_route=\/wp\/v2\/posts\/30122\/revisions\/30244"}],"wp:attachment":[{"href":"http:\/\/archiv.szolnoktv.hu\/index.php?rest_route=%2Fwp%2Fv2%2Fmedia&parent=30122"}],"wp:term":[{"taxonomy":"category","embeddable":true,"href":"http:\/\/archiv.szolnoktv.hu\/index.php?rest_route=%2Fwp%2Fv2%2Fcategories&post=30122"},{"taxonomy":"post_tag","embeddable":true,"href":"http:\/\/archiv.szolnoktv.hu\/index.php?rest_route=%2Fwp%2Fv2%2Ftags&post=30122"}],"curies":[{"name":"wp","href":"https:\/\/api.w.org\/{rel}","templated":true}]}}