{"id":30121,"date":"2008-01-23T19:51:24","date_gmt":"2008-01-23T19:51:24","guid":{"rendered":"http:\/\/archiv.szolnoktv.hu\/?p=30121"},"modified":"2021-11-17T11:05:24","modified_gmt":"2021-11-17T11:05:24","slug":"marad-szolnokon","status":"publish","type":"post","link":"http:\/\/archiv.szolnoktv.hu\/?p=30121","title":{"rendered":"Marad Szolnokon!"},"content":{"rendered":"<div class='booster-block booster-read-block'><\/div><p>M\u00e9gsem k\u00f6lt\u00f6zik a Higi Pap\u00edr. A ma d\u00e9lut\u00e1ni t\u00e1rgyal\u00e1sokon meg\u00e1llapodott egym\u00e1ssal a v\u00e1ros vezet\u00e9se \u00e9s az olasz-amerikai tulajdon\u00fa  c\u00e9g vez\u00e9rigazgat\u00f3ja, hogy a pap\u00edrgy\u00e1r marad Szolnokon. A pr\u00f3ba\u00fczem tavasszal kezd\u0151dik.<br \/>\nAz Ipari Parkban harmadikk\u00e9nt jelent meg a Higi Pap\u00edrsoft Zrt. Az olasz-amerikai tulajdon\u00fa c\u00e9g nem a kor\u00e1bbi, megyesz\u00e9khelyen megl\u00e9v\u0151 telephely\u00e9t adta fel a Piroskai \u00fati ter\u00fclet\u00e9rt, c\u00e9ltudatosan d\u00f6nt\u00f6tt a helysz\u00edn \u00e9s a beruh\u00e1z\u00e1s mellett. Az eredeti tervek szerint, mint ahogy err\u0151l tavaly novemberben besz\u00e1moltunk, a termel\u00e9s decemberben indult volna. Vit\u00e1s k\u00e9rd\u00e9sek miatt azonban ez nem \u00edgy t\u00f6rt\u00e9nt, ma d\u00e9lut\u00e1n viszont t\u00e1rgyal\u00f3asztalhoz \u00fcltek a felek, siker\u00fclt megold\u00e1st tal\u00e1lni a felmer\u00fclt probl\u00e9m\u00e1kra, \u00e9s ami a legfontosabb, a pap\u00edrgy\u00e1r nem k\u00f6lt\u00f6zik el Szolnokr\u00f3l. Amint azt Szalay ferenc polg\u00e1rmester szerkeszt\u0151s\u00e9g\u00fcnknek elmondta- &#8220;Ehhez az kell<br \/>\nhogy a szerz\u0151d\u00e9s szerint v\u00e1llalt k\u00f6telezetts\u00e9geit teljes\u00edtse<br \/>\namikor ezt megtette<\/p>\n","protected":false},"excerpt":{"rendered":"<p>M\u00e9gsem k\u00f6lt\u00f6zik a Higi Pap\u00edr. A ma d\u00e9lut\u00e1ni t\u00e1rgyal\u00e1sokon meg\u00e1llapodott egym\u00e1ssal a v\u00e1ros vezet\u00e9se \u00e9s az olasz-amerikai tulajdon\u00fa c\u00e9g vez\u00e9rigazgat\u00f3ja, hogy a pap\u00edrgy\u00e1r marad Szolnokon. A pr\u00f3ba\u00fczem tavasszal kezd\u0151dik. Az Ipari Parkban harmadikk\u00e9nt jelent meg a Higi Pap\u00edrsoft Zrt. Az olasz-amerikai tulajdon\u00fa c\u00e9g nem a kor\u00e1bbi, megyesz\u00e9khelyen megl\u00e9v\u0151 telephely\u00e9t adta fel a Piroskai \u00fati ter\u00fclet\u00e9rt, [&hellip;]<\/p>\n","protected":false},"author":2,"featured_media":0,"comment_status":"open","ping_status":"open","sticky":false,"template":"","format":"standard","meta":[],"categories":[24],"tags":[],"_links":{"self":[{"href":"http:\/\/archiv.szolnoktv.hu\/index.php?rest_route=\/wp\/v2\/posts\/30121"}],"collection":[{"href":"http:\/\/archiv.szolnoktv.hu\/index.php?rest_route=\/wp\/v2\/posts"}],"about":[{"href":"http:\/\/archiv.szolnoktv.hu\/index.php?rest_route=\/wp\/v2\/types\/post"}],"author":[{"embeddable":true,"href":"http:\/\/archiv.szolnoktv.hu\/index.php?rest_route=\/wp\/v2\/users\/2"}],"replies":[{"embeddable":true,"href":"http:\/\/archiv.szolnoktv.hu\/index.php?rest_route=%2Fwp%2Fv2%2Fcomments&post=30121"}],"version-history":[{"count":1,"href":"http:\/\/archiv.szolnoktv.hu\/index.php?rest_route=\/wp\/v2\/posts\/30121\/revisions"}],"predecessor-version":[{"id":30245,"href":"http:\/\/archiv.szolnoktv.hu\/index.php?rest_route=\/wp\/v2\/posts\/30121\/revisions\/30245"}],"wp:attachment":[{"href":"http:\/\/archiv.szolnoktv.hu\/index.php?rest_route=%2Fwp%2Fv2%2Fmedia&parent=30121"}],"wp:term":[{"taxonomy":"category","embeddable":true,"href":"http:\/\/archiv.szolnoktv.hu\/index.php?rest_route=%2Fwp%2Fv2%2Fcategories&post=30121"},{"taxonomy":"post_tag","embeddable":true,"href":"http:\/\/archiv.szolnoktv.hu\/index.php?rest_route=%2Fwp%2Fv2%2Ftags&post=30121"}],"curies":[{"name":"wp","href":"https:\/\/api.w.org\/{rel}","templated":true}]}}