{"id":30120,"date":"2008-01-22T19:10:56","date_gmt":"2008-01-22T19:10:56","guid":{"rendered":"http:\/\/archiv.szolnoktv.hu\/?p=30120"},"modified":"2021-11-17T11:05:24","modified_gmt":"2021-11-17T11:05:24","slug":"aktiv-szep-kor","status":"publish","type":"post","link":"http:\/\/archiv.szolnoktv.hu\/?p=30120","title":{"rendered":"Akt\u00edv sz\u00e9p kor"},"content":{"rendered":"<div class='booster-block booster-read-block'><\/div><p>M\u00e1sodik alkalommal szervez &#8220;akt\u00edv \u00e9letm\u00f3d programot&#8221;&#8221; sz\u00e9pkor\u00faaknak a Sportcentrum Kht. A sportolni szeret\u0151 nyugd\u00edjasokat eg\u00e9szen j\u00faniusig v\u00e1rj\u00e1k kedden d\u00e9lel\u0151tt\u00f6nk\u00e9nt a Z\u00f6ld h\u00e1z tornaterm\u00e9be.  &#8221;<br \/>\nAkkora sikert aratott a tavalyi, f\u0151k\u00e9nt id\u0151seknek meghirdetett &#8220;Akt\u00edv \u00e9letm\u00f3d program&#8221;&#8221;<br \/>\nhogy a szervez\u0151k ism\u00e9t \u00e9letre h\u00edvt\u00e1k. A sz\u00e9pkor\u00faak hetente egyszer torn\u00e1znak<br \/>\nterm\u00e9szetesen szakember fel\u00fcgyelete mellett. F\u0151k\u00e9nt  kering\u00e9sfokoz\u00f3<\/p>\n","protected":false},"excerpt":{"rendered":"<p>M\u00e1sodik alkalommal szervez &#8220;akt\u00edv \u00e9letm\u00f3d programot&#8221;&#8221; sz\u00e9pkor\u00faaknak a Sportcentrum Kht. A sportolni szeret\u0151 nyugd\u00edjasokat eg\u00e9szen j\u00faniusig v\u00e1rj\u00e1k kedden d\u00e9lel\u0151tt\u00f6nk\u00e9nt a Z\u00f6ld h\u00e1z tornaterm\u00e9be. &#8221; Akkora sikert aratott a tavalyi, f\u0151k\u00e9nt id\u0151seknek meghirdetett &#8220;Akt\u00edv \u00e9letm\u00f3d program&#8221;&#8221; hogy a szervez\u0151k ism\u00e9t \u00e9letre h\u00edvt\u00e1k. A sz\u00e9pkor\u00faak hetente egyszer torn\u00e1znak term\u00e9szetesen szakember fel\u00fcgyelete mellett. F\u0151k\u00e9nt kering\u00e9sfokoz\u00f3<\/p>\n","protected":false},"author":2,"featured_media":0,"comment_status":"open","ping_status":"open","sticky":false,"template":"","format":"standard","meta":[],"categories":[24],"tags":[],"_links":{"self":[{"href":"http:\/\/archiv.szolnoktv.hu\/index.php?rest_route=\/wp\/v2\/posts\/30120"}],"collection":[{"href":"http:\/\/archiv.szolnoktv.hu\/index.php?rest_route=\/wp\/v2\/posts"}],"about":[{"href":"http:\/\/archiv.szolnoktv.hu\/index.php?rest_route=\/wp\/v2\/types\/post"}],"author":[{"embeddable":true,"href":"http:\/\/archiv.szolnoktv.hu\/index.php?rest_route=\/wp\/v2\/users\/2"}],"replies":[{"embeddable":true,"href":"http:\/\/archiv.szolnoktv.hu\/index.php?rest_route=%2Fwp%2Fv2%2Fcomments&post=30120"}],"version-history":[{"count":1,"href":"http:\/\/archiv.szolnoktv.hu\/index.php?rest_route=\/wp\/v2\/posts\/30120\/revisions"}],"predecessor-version":[{"id":30246,"href":"http:\/\/archiv.szolnoktv.hu\/index.php?rest_route=\/wp\/v2\/posts\/30120\/revisions\/30246"}],"wp:attachment":[{"href":"http:\/\/archiv.szolnoktv.hu\/index.php?rest_route=%2Fwp%2Fv2%2Fmedia&parent=30120"}],"wp:term":[{"taxonomy":"category","embeddable":true,"href":"http:\/\/archiv.szolnoktv.hu\/index.php?rest_route=%2Fwp%2Fv2%2Fcategories&post=30120"},{"taxonomy":"post_tag","embeddable":true,"href":"http:\/\/archiv.szolnoktv.hu\/index.php?rest_route=%2Fwp%2Fv2%2Ftags&post=30120"}],"curies":[{"name":"wp","href":"https:\/\/api.w.org\/{rel}","templated":true}]}}