{"id":30119,"date":"2008-01-22T19:08:42","date_gmt":"2008-01-22T19:08:42","guid":{"rendered":"http:\/\/archiv.szolnoktv.hu\/?p=30119"},"modified":"2021-11-17T11:05:24","modified_gmt":"2021-11-17T11:05:24","slug":"reneszansz-tanc","status":"publish","type":"post","link":"http:\/\/archiv.szolnoktv.hu\/?p=30119","title":{"rendered":"Renesz\u00e1nsz t\u00e1nc"},"content":{"rendered":"<div class='booster-block booster-read-block'><\/div><p>2008 az \u00fajj\u00e1sz\u00fclet\u00e9s \u00e9ve. Janu\u00e1r 22-\u00e9n, a Magyar Kult\u00fara Napj\u00e1n kezd\u0151dik a renesz\u00e1nsz \u00e9ve haz\u00e1nkban, \u00edgy \u00fcnnepelj\u00fck a legnagyobb renesz\u00e1nsz magyar kir\u00e1ly, Hunyadi M\u00e1ty\u00e1s tr\u00f3nra l\u00e9p\u00e9s\u00e9nek 550. \u00e9vfordul\u00f3j\u00e1t. A Szandasz\u0151l\u0151si M\u0171vel\u0151d\u00e9si H\u00e1zban m\u00e1r ebben a szellemben telt a Kult\u00fara napja.<br \/>\nA tan\u00e1ri k\u00f3rus m\u0171sor\u00e1val kezd\u0151d\u00f6tt a Kult\u00fara napi \u00fcnneps\u00e9g a Szandasz\u0151l\u0151si M\u0171vel\u0151d\u00e9si H\u00e1zban. Mind a pedag\u00f3gusok, mind pedig a di\u00e1kok hetek \u00f3ta k\u00e9sz\u00fcltek a mai rendezv\u00e9nyre. Ilyen m\u00e9g nem volt: renesz\u00e1nsz t\u00e1nccal lept\u00e9k meg a k\u00f6z\u00f6ns\u00e9get a szandasz\u0151l\u0151si iskola tanul\u00f3i. A renesz\u00e1nsz tudom\u00e1nyos forradalmat, m\u0171v\u00e9szeti \u00e1talakul\u00e1st, meg\u00fajul\u00e1st hoz\u00f3, meghat\u00e1roz\u00f3 kultur\u00e1lis mozgalom volt Eur\u00f3pa \u00fajkori t\u00f6rt\u00e9nelm\u00e9nek hajnal\u00e1n. Eszme\u00e1ramlatair\u00f3l, m\u0171v\u00e9szet\u00e9r\u0151l a gyerekek csak keveset tudnak, a humanizmusr\u00f3l is alig-alig hallhattak, a renesz\u00e1nsz emberk\u00f6zpont\u00fa szeml\u00e9let azonban \u0151k maguk is \u00e1t\u00e9rezt\u00e9k. \u00cdgy az \u00fcnneps\u00e9gre is vid\u00e1man, k\u00f6nnyed\u00e9n felk\u00e9sz\u00fcltek.<\/p>\n","protected":false},"excerpt":{"rendered":"<p>2008 az \u00fajj\u00e1sz\u00fclet\u00e9s \u00e9ve. Janu\u00e1r 22-\u00e9n, a Magyar Kult\u00fara Napj\u00e1n kezd\u0151dik a renesz\u00e1nsz \u00e9ve haz\u00e1nkban, \u00edgy \u00fcnnepelj\u00fck a legnagyobb renesz\u00e1nsz magyar kir\u00e1ly, Hunyadi M\u00e1ty\u00e1s tr\u00f3nra l\u00e9p\u00e9s\u00e9nek 550. \u00e9vfordul\u00f3j\u00e1t. A Szandasz\u0151l\u0151si M\u0171vel\u0151d\u00e9si H\u00e1zban m\u00e1r ebben a szellemben telt a Kult\u00fara napja. A tan\u00e1ri k\u00f3rus m\u0171sor\u00e1val kezd\u0151d\u00f6tt a Kult\u00fara napi \u00fcnneps\u00e9g a Szandasz\u0151l\u0151si M\u0171vel\u0151d\u00e9si H\u00e1zban. Mind a [&hellip;]<\/p>\n","protected":false},"author":2,"featured_media":0,"comment_status":"open","ping_status":"open","sticky":false,"template":"","format":"standard","meta":[],"categories":[24],"tags":[],"_links":{"self":[{"href":"http:\/\/archiv.szolnoktv.hu\/index.php?rest_route=\/wp\/v2\/posts\/30119"}],"collection":[{"href":"http:\/\/archiv.szolnoktv.hu\/index.php?rest_route=\/wp\/v2\/posts"}],"about":[{"href":"http:\/\/archiv.szolnoktv.hu\/index.php?rest_route=\/wp\/v2\/types\/post"}],"author":[{"embeddable":true,"href":"http:\/\/archiv.szolnoktv.hu\/index.php?rest_route=\/wp\/v2\/users\/2"}],"replies":[{"embeddable":true,"href":"http:\/\/archiv.szolnoktv.hu\/index.php?rest_route=%2Fwp%2Fv2%2Fcomments&post=30119"}],"version-history":[{"count":1,"href":"http:\/\/archiv.szolnoktv.hu\/index.php?rest_route=\/wp\/v2\/posts\/30119\/revisions"}],"predecessor-version":[{"id":30247,"href":"http:\/\/archiv.szolnoktv.hu\/index.php?rest_route=\/wp\/v2\/posts\/30119\/revisions\/30247"}],"wp:attachment":[{"href":"http:\/\/archiv.szolnoktv.hu\/index.php?rest_route=%2Fwp%2Fv2%2Fmedia&parent=30119"}],"wp:term":[{"taxonomy":"category","embeddable":true,"href":"http:\/\/archiv.szolnoktv.hu\/index.php?rest_route=%2Fwp%2Fv2%2Fcategories&post=30119"},{"taxonomy":"post_tag","embeddable":true,"href":"http:\/\/archiv.szolnoktv.hu\/index.php?rest_route=%2Fwp%2Fv2%2Ftags&post=30119"}],"curies":[{"name":"wp","href":"https:\/\/api.w.org\/{rel}","templated":true}]}}