{"id":30118,"date":"2008-01-22T19:07:24","date_gmt":"2008-01-22T19:07:24","guid":{"rendered":"http:\/\/archiv.szolnoktv.hu\/?p=30118"},"modified":"2021-11-17T11:05:25","modified_gmt":"2021-11-17T11:05:25","slug":"szavaloverseny-2","status":"publish","type":"post","link":"http:\/\/archiv.szolnoktv.hu\/?p=30118","title":{"rendered":"Szaval\u00f3verseny"},"content":{"rendered":"<div class='booster-block booster-read-block'><\/div><p>Tegnap hajnalban a j\u00e1r\u0151r\u00f6k t\u00f6bbsz\u00f6r is visszat\u00e9rtek a Vosztokra  ellen\u0151rizni, a h\u00e9tv\u00e9g\u00e9n ugyanis sz\u00e1mos gar\u00e1zst felt\u00f6rtek a lak\u00f3telepen. Az egyik ilyen ellen\u0151rz\u00e9s sor\u00e1n, a W\u00e1gner Guszt\u00e1v \u00faton felt\u00fcnt a rend\u0151r\u00f6knek, hogy sz\u00e1mos gar\u00e1zs ajtaja t\u00e1rva-nyitva van. Mivel p\u00e1r \u00f3r\u00e1val kor\u00e1bban k\u00e9t gyan\u00fas f\u00e9rfit \u00e9s egy fiatalkor\u00fa t\u00e1rsukat m\u00e1r igazoltattak a V\u00e1rosmajor \u00faton, k\u00f6nny\u0171 dolguk volt. A tetteseket el\u0151\u00e1ll\u00edtott\u00e1k \u00e9s h\u00e1zkutat\u00e1st v\u00e9geztek n\u00e1luk, \u00edgy hamar megtal\u00e1lt\u00e1k a lopott holmikat, melyek jelent\u0151s r\u00e9sze el\u0151ker\u00fclt. A Szolnoki Rend\u0151rkapit\u00e1nys\u00e1g \u0151rizetbe vette a k\u00e9t, f\u0151leg vagyon elleni b\u0171ncselekm\u00e9nyek miatt t\u00f6bbsz\u00f6r\u00f6sen b\u00fcntetett el\u0151\u00e9let\u0171 f\u00e9rfit \u00e9s kezdem\u00e9nyezte a Szolnoki V\u00e1rosi \u00dcgy\u00e9sz\u00e9gen letart\u00f3ztat\u00e1sukat. Az \u00e1ltaluk okozott k\u00e1r csaknem 1 milli\u00f3 forint.<br \/>\nBalassi B\u00e1lint, Petrarca, Janus Pannonius verseket hallhatott az, aki ma ell\u00e1togatott a Hild Viktor K\u00f6nyvt\u00e1rba. A szervez\u0151k a Magyar Kult\u00fara Napja alkalm\u00e1b\u00f3l \u00e9s a Renesz\u00e1nsz \u00e9v tisztelet\u00e9re, korabeli k\u00f6lt\u0151k verseivel szaval\u00f3versenyt rendeztek. A Szent-Gy\u00f6rgyi Albert, a II. R\u00e1k\u00f3czi Ferenc \u00e9s a Sz\u00e9chenyi k\u00f6r\u00fati \u00c1ltal\u00e1nos iskol\u00e1k 15 tanul\u00f3ja m\u00e9rte \u00f6ssze tud\u00e1s\u00e1t, 5-6.-os, illetve 7-8. oszt\u00e1lyos kateg\u00f3ri\u00e1ban.  Ez a verseny az els\u0151 \u00e1llom\u00e1sa volt egy rendezv\u00e9nysorozatnak, amely az \u00e9v sor\u00e1n tov\u00e1bb folytat\u00f3dik. Tavasszal ugyanis k\u00fcl\u00f6n az als\u00f3s \u00e9s fels\u0151s tanul\u00f3k sz\u00e1m\u00e1ra 2 fordul\u00f3s vet\u00e9lked\u0151t szerveznek, ahol a M\u00e1ty\u00e1s kir\u00e1ly mes\u00e9k dramatiz\u00e1l\u00e1sa mellett, m\u00e9g renesz\u00e1nsz oszt\u00e1lykir\u00e1ndul\u00e1st is szervezhetnek a di\u00e1kok, R\u00f3ma \u00e9s Firenze \u00e9rint\u00e9s\u00e9vel. Term\u00e9szetesen nem val\u00f3s, csak k\u00e9pzeletbeli utaz\u00e1s a c\u00e9l, amely m\u00e1rcius-\u00e1prilisban indul \u00fatj\u00e1nak.<\/p>\n","protected":false},"excerpt":{"rendered":"<p>Tegnap hajnalban a j\u00e1r\u0151r\u00f6k t\u00f6bbsz\u00f6r is visszat\u00e9rtek a Vosztokra ellen\u0151rizni, a h\u00e9tv\u00e9g\u00e9n ugyanis sz\u00e1mos gar\u00e1zst felt\u00f6rtek a lak\u00f3telepen. Az egyik ilyen ellen\u0151rz\u00e9s sor\u00e1n, a W\u00e1gner Guszt\u00e1v \u00faton felt\u00fcnt a rend\u0151r\u00f6knek, hogy sz\u00e1mos gar\u00e1zs ajtaja t\u00e1rva-nyitva van. Mivel p\u00e1r \u00f3r\u00e1val kor\u00e1bban k\u00e9t gyan\u00fas f\u00e9rfit \u00e9s egy fiatalkor\u00fa t\u00e1rsukat m\u00e1r igazoltattak a V\u00e1rosmajor \u00faton, k\u00f6nny\u0171 dolguk volt. [&hellip;]<\/p>\n","protected":false},"author":2,"featured_media":0,"comment_status":"open","ping_status":"open","sticky":false,"template":"","format":"standard","meta":[],"categories":[24],"tags":[],"_links":{"self":[{"href":"http:\/\/archiv.szolnoktv.hu\/index.php?rest_route=\/wp\/v2\/posts\/30118"}],"collection":[{"href":"http:\/\/archiv.szolnoktv.hu\/index.php?rest_route=\/wp\/v2\/posts"}],"about":[{"href":"http:\/\/archiv.szolnoktv.hu\/index.php?rest_route=\/wp\/v2\/types\/post"}],"author":[{"embeddable":true,"href":"http:\/\/archiv.szolnoktv.hu\/index.php?rest_route=\/wp\/v2\/users\/2"}],"replies":[{"embeddable":true,"href":"http:\/\/archiv.szolnoktv.hu\/index.php?rest_route=%2Fwp%2Fv2%2Fcomments&post=30118"}],"version-history":[{"count":1,"href":"http:\/\/archiv.szolnoktv.hu\/index.php?rest_route=\/wp\/v2\/posts\/30118\/revisions"}],"predecessor-version":[{"id":30248,"href":"http:\/\/archiv.szolnoktv.hu\/index.php?rest_route=\/wp\/v2\/posts\/30118\/revisions\/30248"}],"wp:attachment":[{"href":"http:\/\/archiv.szolnoktv.hu\/index.php?rest_route=%2Fwp%2Fv2%2Fmedia&parent=30118"}],"wp:term":[{"taxonomy":"category","embeddable":true,"href":"http:\/\/archiv.szolnoktv.hu\/index.php?rest_route=%2Fwp%2Fv2%2Fcategories&post=30118"},{"taxonomy":"post_tag","embeddable":true,"href":"http:\/\/archiv.szolnoktv.hu\/index.php?rest_route=%2Fwp%2Fv2%2Ftags&post=30118"}],"curies":[{"name":"wp","href":"https:\/\/api.w.org\/{rel}","templated":true}]}}