{"id":30117,"date":"2008-01-22T19:06:29","date_gmt":"2008-01-22T19:06:29","guid":{"rendered":"http:\/\/archiv.szolnoktv.hu\/?p=30117"},"modified":"2021-11-17T11:05:25","modified_gmt":"2021-11-17T11:05:25","slug":"garazsban-utaztak","status":"publish","type":"post","link":"http:\/\/archiv.szolnoktv.hu\/?p=30117","title":{"rendered":"Gar\u00e1zsban utaztak"},"content":{"rendered":"<div class='booster-block booster-read-block'><\/div><p>Brav\u00faros gyorsas\u00e1g. M\u00e1ris el\u0151ker\u00fcltek a W\u00e1gner Guszt\u00e1v \u00fati gar\u00e1zsok felt\u00f6r\u0151i.  A h\u00e1rom tettes h\u00e9tv\u00e9g\u00e9n t\u00f6bb gar\u00e1zs ajtaj\u00e1t is felfesz\u00edtette a Vosztokon, csaknem 1 milli\u00f3s k\u00e1rt okozva a tulajdonosoknak. A rend\u0151r\u00f6k azonban a t\u00f6rt\u00e9ntek ut\u00e1n k\u00e9t nappal elfogt\u00e1k a bet\u00f6r\u0151ket.<br \/>\nTegnap hajnalban a j\u00e1r\u0151r\u00f6k t\u00f6bbsz\u00f6r is visszat\u00e9rtek a Vosztokra  ellen\u0151rizni, a h\u00e9tv\u00e9g\u00e9n ugyanis sz\u00e1mos gar\u00e1zst felt\u00f6rtek a lak\u00f3telepen. Az egyik ilyen ellen\u0151rz\u00e9s sor\u00e1n, a W\u00e1gner Guszt\u00e1v \u00faton felt\u00fcnt a rend\u0151r\u00f6knek, hogy sz\u00e1mos gar\u00e1zs ajtaja t\u00e1rva-nyitva van. Mivel p\u00e1r \u00f3r\u00e1val kor\u00e1bban k\u00e9t gyan\u00fas f\u00e9rfit \u00e9s egy fiatalkor\u00fa t\u00e1rsukat m\u00e1r igazoltattak a V\u00e1rosmajor \u00faton, k\u00f6nny\u0171 dolguk volt. A tetteseket el\u0151\u00e1ll\u00edtott\u00e1k \u00e9s h\u00e1zkutat\u00e1st v\u00e9geztek n\u00e1luk, \u00edgy hamar megtal\u00e1lt\u00e1k a lopott holmikat, melyek jelent\u0151s r\u00e9sze el\u0151ker\u00fclt. A Szolnoki Rend\u0151rkapit\u00e1nys\u00e1g \u0151rizetbe vette a k\u00e9t, f\u0151leg vagyon elleni b\u0171ncselekm\u00e9nyek miatt t\u00f6bbsz\u00f6r\u00f6sen b\u00fcntetett el\u0151\u00e9let\u0171 f\u00e9rfit \u00e9s kezdem\u00e9nyezte a Szolnoki V\u00e1rosi \u00dcgy\u00e9sz\u00e9gen letart\u00f3ztat\u00e1sukat. Az \u00e1ltaluk okozott k\u00e1r csaknem 1 milli\u00f3 forint.<\/p>\n","protected":false},"excerpt":{"rendered":"<p>Brav\u00faros gyorsas\u00e1g. M\u00e1ris el\u0151ker\u00fcltek a W\u00e1gner Guszt\u00e1v \u00fati gar\u00e1zsok felt\u00f6r\u0151i. A h\u00e1rom tettes h\u00e9tv\u00e9g\u00e9n t\u00f6bb gar\u00e1zs ajtaj\u00e1t is felfesz\u00edtette a Vosztokon, csaknem 1 milli\u00f3s k\u00e1rt okozva a tulajdonosoknak. A rend\u0151r\u00f6k azonban a t\u00f6rt\u00e9ntek ut\u00e1n k\u00e9t nappal elfogt\u00e1k a bet\u00f6r\u0151ket. Tegnap hajnalban a j\u00e1r\u0151r\u00f6k t\u00f6bbsz\u00f6r is visszat\u00e9rtek a Vosztokra ellen\u0151rizni, a h\u00e9tv\u00e9g\u00e9n ugyanis sz\u00e1mos gar\u00e1zst felt\u00f6rtek [&hellip;]<\/p>\n","protected":false},"author":2,"featured_media":0,"comment_status":"open","ping_status":"open","sticky":false,"template":"","format":"standard","meta":[],"categories":[24],"tags":[],"_links":{"self":[{"href":"http:\/\/archiv.szolnoktv.hu\/index.php?rest_route=\/wp\/v2\/posts\/30117"}],"collection":[{"href":"http:\/\/archiv.szolnoktv.hu\/index.php?rest_route=\/wp\/v2\/posts"}],"about":[{"href":"http:\/\/archiv.szolnoktv.hu\/index.php?rest_route=\/wp\/v2\/types\/post"}],"author":[{"embeddable":true,"href":"http:\/\/archiv.szolnoktv.hu\/index.php?rest_route=\/wp\/v2\/users\/2"}],"replies":[{"embeddable":true,"href":"http:\/\/archiv.szolnoktv.hu\/index.php?rest_route=%2Fwp%2Fv2%2Fcomments&post=30117"}],"version-history":[{"count":1,"href":"http:\/\/archiv.szolnoktv.hu\/index.php?rest_route=\/wp\/v2\/posts\/30117\/revisions"}],"predecessor-version":[{"id":30249,"href":"http:\/\/archiv.szolnoktv.hu\/index.php?rest_route=\/wp\/v2\/posts\/30117\/revisions\/30249"}],"wp:attachment":[{"href":"http:\/\/archiv.szolnoktv.hu\/index.php?rest_route=%2Fwp%2Fv2%2Fmedia&parent=30117"}],"wp:term":[{"taxonomy":"category","embeddable":true,"href":"http:\/\/archiv.szolnoktv.hu\/index.php?rest_route=%2Fwp%2Fv2%2Fcategories&post=30117"},{"taxonomy":"post_tag","embeddable":true,"href":"http:\/\/archiv.szolnoktv.hu\/index.php?rest_route=%2Fwp%2Fv2%2Ftags&post=30117"}],"curies":[{"name":"wp","href":"https:\/\/api.w.org\/{rel}","templated":true}]}}