{"id":30115,"date":"2008-01-22T19:01:51","date_gmt":"2008-01-22T19:01:51","guid":{"rendered":"http:\/\/archiv.szolnoktv.hu\/?p=30115"},"modified":"2021-11-17T11:05:25","modified_gmt":"2021-11-17T11:05:25","slug":"elismertek-az-elenjarokat","status":"publish","type":"post","link":"http:\/\/archiv.szolnoktv.hu\/?p=30115","title":{"rendered":"Elismert\u00e9k az \u00e9lenj\u00e1r\u00f3kat"},"content":{"rendered":"<div class='booster-block booster-read-block'><\/div><p>1823 janu\u00e1r 22- \u00e9n fejezte be K\u00f6lcsey Ferenc a Himnuszt. A rendszerv\u00e1lt\u00e1s \u00f3ta ezen a napon \u00fcnnepelj\u00fck a Magyar Kult\u00fara Napj\u00e1t. Ad\u00e1sunkkal egyid\u0151ben Szolnokon is megkezdt\u00e9k a v\u00e1rosi \u00fcnneps\u00e9get. Id\u00e9n is kiosztott\u00e1k a Pedag\u00f3giai, a Szolnok V\u00e1ros Kultur\u00e1lis, \u00e9s a V\u00e1ros Sportj\u00e1\u00e9rt D\u00edjat is.<br \/>\nAz \u00fcnneps\u00e9gen \u00e1tadt\u00e1k a gyermekek \u00e9s az ifj\u00fas\u00e1g nevel\u00e9s\u00e9\u00e9rt, oktat\u00e1s\u00e1\u00e9rt tev\u00e9kenyked\u0151 pedag\u00f3gusok elismer\u00e9s\u00e9re alap\u00edtott Pedag\u00f3giai D\u00edjat, amelyben id\u00e9n Brahmi Ilona, Csizm\u00e1rn\u00e9 V\u00edgh Lenke, J\u00e1sz M\u00e1ria, Koronczain\u00e9 Gy\u0151rfi M\u00e1ria \u00e9s Tur\u00f3czy Istv\u00e1nn\u00e9, Dr. Veszteg Roz\u00e1lia r\u00e9szes\u00fclt. <br \/>A tudom\u00e1nyos tev\u00e9kenys\u00e9get v\u00e9gz\u0151k munk\u00e1j\u00e1nak megbecs\u00fcl\u00e9s\u00e9re alap\u00edtott, Dr. Laki K\u00e1lm\u00e1n d\u00edjat, Szoboszlai Zsolt, szociol\u00f3gus kapta. Az \u0151 nev\u00e9hez f\u0171z\u0151dik t\u00f6bb tudom\u00e1nyis tev\u00e9kenys\u00e9ge mellett a Szolnokiak Szolnokr\u00f3l c\u00edm\u0171 k\u00f6tet \u00f6ssze\u00e1ll\u00edt\u00e1sa. A Kaposv\u00e1ri Gyula eml\u00e9k\u00e9re alap\u00edtott Szolnok V\u00e1ros Kultur\u00e1lis D\u00edj\u00e1ban id\u00e9n, Magyarn\u00e9 K\u00e1d\u00e1r Piroska, az Aba Nov\u00e1k Kultur\u00e1lis K\u00f6zpont gazdas\u00e1gi igazgat\u00f3ja r\u00e9szes\u00fclt. 1988-\u00f3ta dolgozik a m\u0171vel\u0151d\u00e9si h\u00e1zban, ahol igazgat\u00f3k\u00e9nt ir\u00e1ny\u00edtotta a fel\u00faj\u00edt\u00e1si munk\u00e1latokat. Szint\u00e9n Kultur\u00e1lis D\u00edjat kapott az id\u00e9n 25 \u00e9ves Sodr\u00e1s N\u00e9pzenei Kisegy\u00fcttes. A zenekar tagjai k\u00f6z\u00f6tt amat\u0151r \u00e9s profi zenetan\u00e1rok is j\u00e1tszanak, sokan a Tisza t\u00e1ncegy\u00fcttes k\u00eds\u00e9r\u0151zenekarak\u00e9nt ismerik \u0151ket. A Szolnok V\u00e1ros Sportj\u00e1\u00e9rt alap\u00edtott d\u00edjat id\u00e9n, Mohi Zolt\u00e1nnak, a Szolnoki F\u0151iskola V\u00edzilabda Sportklub j\u00e1t\u00e9kos\u00e1nak, illetve Moln\u00e1r Dezs\u0151nek, a Tisza Evez\u0151s Egylet vezet\u0151edz\u0151j\u00e9nek adt\u00e1k \u00e1t.<\/p>\n","protected":false},"excerpt":{"rendered":"<p>1823 janu\u00e1r 22- \u00e9n fejezte be K\u00f6lcsey Ferenc a Himnuszt. A rendszerv\u00e1lt\u00e1s \u00f3ta ezen a napon \u00fcnnepelj\u00fck a Magyar Kult\u00fara Napj\u00e1t. Ad\u00e1sunkkal egyid\u0151ben Szolnokon is megkezdt\u00e9k a v\u00e1rosi \u00fcnneps\u00e9get. Id\u00e9n is kiosztott\u00e1k a Pedag\u00f3giai, a Szolnok V\u00e1ros Kultur\u00e1lis, \u00e9s a V\u00e1ros Sportj\u00e1\u00e9rt D\u00edjat is. Az \u00fcnneps\u00e9gen \u00e1tadt\u00e1k a gyermekek \u00e9s az ifj\u00fas\u00e1g nevel\u00e9s\u00e9\u00e9rt, oktat\u00e1s\u00e1\u00e9rt tev\u00e9kenyked\u0151 [&hellip;]<\/p>\n","protected":false},"author":2,"featured_media":0,"comment_status":"open","ping_status":"open","sticky":false,"template":"","format":"standard","meta":[],"categories":[24],"tags":[],"_links":{"self":[{"href":"http:\/\/archiv.szolnoktv.hu\/index.php?rest_route=\/wp\/v2\/posts\/30115"}],"collection":[{"href":"http:\/\/archiv.szolnoktv.hu\/index.php?rest_route=\/wp\/v2\/posts"}],"about":[{"href":"http:\/\/archiv.szolnoktv.hu\/index.php?rest_route=\/wp\/v2\/types\/post"}],"author":[{"embeddable":true,"href":"http:\/\/archiv.szolnoktv.hu\/index.php?rest_route=\/wp\/v2\/users\/2"}],"replies":[{"embeddable":true,"href":"http:\/\/archiv.szolnoktv.hu\/index.php?rest_route=%2Fwp%2Fv2%2Fcomments&post=30115"}],"version-history":[{"count":1,"href":"http:\/\/archiv.szolnoktv.hu\/index.php?rest_route=\/wp\/v2\/posts\/30115\/revisions"}],"predecessor-version":[{"id":30251,"href":"http:\/\/archiv.szolnoktv.hu\/index.php?rest_route=\/wp\/v2\/posts\/30115\/revisions\/30251"}],"wp:attachment":[{"href":"http:\/\/archiv.szolnoktv.hu\/index.php?rest_route=%2Fwp%2Fv2%2Fmedia&parent=30115"}],"wp:term":[{"taxonomy":"category","embeddable":true,"href":"http:\/\/archiv.szolnoktv.hu\/index.php?rest_route=%2Fwp%2Fv2%2Fcategories&post=30115"},{"taxonomy":"post_tag","embeddable":true,"href":"http:\/\/archiv.szolnoktv.hu\/index.php?rest_route=%2Fwp%2Fv2%2Ftags&post=30115"}],"curies":[{"name":"wp","href":"https:\/\/api.w.org\/{rel}","templated":true}]}}