{"id":30114,"date":"2008-01-22T18:54:11","date_gmt":"2008-01-22T18:54:11","guid":{"rendered":"http:\/\/archiv.szolnoktv.hu\/?p=30114"},"modified":"2021-11-17T11:05:25","modified_gmt":"2021-11-17T11:05:25","slug":"meggondoltak-magukat","status":"publish","type":"post","link":"http:\/\/archiv.szolnoktv.hu\/?p=30114","title":{"rendered":"Meggondolt\u00e1k magukat?"},"content":{"rendered":"<div class='booster-block booster-read-block'><\/div><p>Nem nyit ki a Higi Pap\u00edr. Az ipari parkban \u00e9p\u00fclt gy\u00e1r k\u00f6nnyen elk\u00e9pzelhet\u0151, hogy egy\u00e1ltal\u00e1n nem fog \u00fczemelni. A felek ugyanis nem tudtak mindenben meg\u00e1llapodni. A gy\u00e1r vez\u00e9rigazgat\u00f3ja azt mondta, nagyon val\u00f3sz\u00edn\u0171, hogy Szlov\u00e1ki\u00e1ba viszik az \u00fczemet. A t\u00e1rgyal\u00e1sokat a k\u00f6lt\u00f6ztet\u00e9sr\u0151l m\u00e1r meg kezdt\u00e9k.<br \/>\n2006. \u00e1prilis 19-\u00e9n rakt\u00e1k le a Higi Pap\u00edrsoft gy\u00e1r\u00e1nak alapk\u00f6v\u00e9t az Ipari Parkban. Az\u00f3ta az \u00fczem elk\u00e9sz\u00fclt, s\u0151t a g\u00e9peket is elhelyezt\u00e9k. Elvileg novemberben kezdt\u00e9k volna a termel\u00e9st 160 alkalmazottal. Ez azonban a mai napig sem t\u00f6rt\u00e9nt meg. S\u0151t, egyre ink\u00e1bb \u00fagy t\u0171nik, hogy a 10 milli\u00e1rd forintos beruh\u00e1z\u00e1s hi\u00e1ba val\u00f3sult meg Szolnokon. A v\u00e1ros \u00e9s a befektet\u0151 k\u00f6z\u00f6tt komoly n\u00e9zetelt\u00e9r\u00e9sek vannak. Az \u00f6nkorm\u00e1nyzat \u00e1ll\u00edtja: a c\u00e9g m\u00e9g a telek \u00e1r\u00e1t sem fizette meg. A Higi Pap\u00edrsoft Zrt vez\u00e9rigazgat\u00f3ja azonban \u00fagy nyilatkozott: mindent kifizettek, nincsenek h\u00e1tral\u00e9kaik, s\u0151t a telekre nincsenek bevezetve a k\u00f6zm\u0171vek \u00e9s az \u00edg\u00e9retekkel ellent\u00e9tben a t\u00e1mogat\u00e1sok is elmaradtak. A polg\u00e1rmester, a Higi Pap\u00edr vez\u00e9rigazgat\u00f3ja, valamint az ipari park vezet\u0151je holnap d\u00e9lut\u00e1n t\u00e1rgyal\u00f3asztalhoz \u00fclnek. Inform\u00e1ci\u00f3ink szerint azonban komoly es\u00e9ly van r\u00e1, hogy Szolnokr\u00f3l Szlov\u00e1ki\u00e1ba k\u00f6lt\u00f6ztetik a gy\u00e1rat.<\/p>\n","protected":false},"excerpt":{"rendered":"<p>Nem nyit ki a Higi Pap\u00edr. Az ipari parkban \u00e9p\u00fclt gy\u00e1r k\u00f6nnyen elk\u00e9pzelhet\u0151, hogy egy\u00e1ltal\u00e1n nem fog \u00fczemelni. A felek ugyanis nem tudtak mindenben meg\u00e1llapodni. A gy\u00e1r vez\u00e9rigazgat\u00f3ja azt mondta, nagyon val\u00f3sz\u00edn\u0171, hogy Szlov\u00e1ki\u00e1ba viszik az \u00fczemet. A t\u00e1rgyal\u00e1sokat a k\u00f6lt\u00f6ztet\u00e9sr\u0151l m\u00e1r meg kezdt\u00e9k. 2006. \u00e1prilis 19-\u00e9n rakt\u00e1k le a Higi Pap\u00edrsoft gy\u00e1r\u00e1nak alapk\u00f6v\u00e9t az [&hellip;]<\/p>\n","protected":false},"author":2,"featured_media":0,"comment_status":"open","ping_status":"open","sticky":false,"template":"","format":"standard","meta":[],"categories":[24],"tags":[],"_links":{"self":[{"href":"http:\/\/archiv.szolnoktv.hu\/index.php?rest_route=\/wp\/v2\/posts\/30114"}],"collection":[{"href":"http:\/\/archiv.szolnoktv.hu\/index.php?rest_route=\/wp\/v2\/posts"}],"about":[{"href":"http:\/\/archiv.szolnoktv.hu\/index.php?rest_route=\/wp\/v2\/types\/post"}],"author":[{"embeddable":true,"href":"http:\/\/archiv.szolnoktv.hu\/index.php?rest_route=\/wp\/v2\/users\/2"}],"replies":[{"embeddable":true,"href":"http:\/\/archiv.szolnoktv.hu\/index.php?rest_route=%2Fwp%2Fv2%2Fcomments&post=30114"}],"version-history":[{"count":1,"href":"http:\/\/archiv.szolnoktv.hu\/index.php?rest_route=\/wp\/v2\/posts\/30114\/revisions"}],"predecessor-version":[{"id":30252,"href":"http:\/\/archiv.szolnoktv.hu\/index.php?rest_route=\/wp\/v2\/posts\/30114\/revisions\/30252"}],"wp:attachment":[{"href":"http:\/\/archiv.szolnoktv.hu\/index.php?rest_route=%2Fwp%2Fv2%2Fmedia&parent=30114"}],"wp:term":[{"taxonomy":"category","embeddable":true,"href":"http:\/\/archiv.szolnoktv.hu\/index.php?rest_route=%2Fwp%2Fv2%2Fcategories&post=30114"},{"taxonomy":"post_tag","embeddable":true,"href":"http:\/\/archiv.szolnoktv.hu\/index.php?rest_route=%2Fwp%2Fv2%2Ftags&post=30114"}],"curies":[{"name":"wp","href":"https:\/\/api.w.org\/{rel}","templated":true}]}}