{"id":30113,"date":"2008-01-22T12:37:02","date_gmt":"2008-01-22T12:37:02","guid":{"rendered":"http:\/\/archiv.szolnoktv.hu\/?p=30113"},"modified":"2021-11-17T11:05:25","modified_gmt":"2021-11-17T11:05:25","slug":"szocialis-nepszavazas-2008","status":"publish","type":"post","link":"http:\/\/archiv.szolnoktv.hu\/?p=30113","title":{"rendered":"Szoci\u00e1lis N\u00e9pszavaz\u00e1s 2008."},"content":{"rendered":"<div class='booster-block booster-read-block'><\/div><p>Exkluziv vend\u00e9g a st\u00f3di\u00f3ban. Tarl\u00f3s Istv\u00e1n osztja meg \u00e9rveit a kezdem\u00e9nyez\u00e9s c\u00e9lj\u00e1r\u00f3l. A d\u00f6nt\u00e9s s\u00falya nem lehet \u00e9rdektelen az \u00d6n sz\u00e1m\u00e1ra sem!<\/p>\n<p>Szoci\u00e1lis N\u00e9pszavaz\u00e1s 2008.<\/p>\n<p> A &#8220;Mi\u00e9rtek&#8221;&#8221;- r\u0151l k\u00e9rdezz\u00fck a kamp\u00e1nyk\u00f6r\u00fatja sor\u00e1n Szolnokra is ell\u00e1togat\u00f3 Tarl\u00f3s Istv\u00e1nt. <\/p>\n<p>A politikus \u00e9rvel\u00e9se t\u00f6bb oldalr\u00f3l is megvil\u00e1g\u00edtja a k\u00e9rd\u00e9st. Ha inform\u00e1ci\u00f3ra van sz\u00fcks\u00e9ge<br \/>\nha bizonytalan<br \/>\nvagy csak egyszer\u0171en \u00e9rdekli a kezdem\u00e9nyez\u0151k v\u00e9lem\u00e9nye- Tartson vel\u00fcnk ma este 19:20- perct\u0151l!<\/p>\n<p>Sz\u00e1m\u00edtunk figyelm\u00fckre!  <\/p>\n<p> &#8220;<\/p>\n","protected":false},"excerpt":{"rendered":"<p>Exkluziv vend\u00e9g a st\u00f3di\u00f3ban. Tarl\u00f3s Istv\u00e1n osztja meg \u00e9rveit a kezdem\u00e9nyez\u00e9s c\u00e9lj\u00e1r\u00f3l. A d\u00f6nt\u00e9s s\u00falya nem lehet \u00e9rdektelen az \u00d6n sz\u00e1m\u00e1ra sem! Szoci\u00e1lis N\u00e9pszavaz\u00e1s 2008. A &#8220;Mi\u00e9rtek&#8221;&#8221;- r\u0151l k\u00e9rdezz\u00fck a kamp\u00e1nyk\u00f6r\u00fatja sor\u00e1n Szolnokra is ell\u00e1togat\u00f3 Tarl\u00f3s Istv\u00e1nt. A politikus \u00e9rvel\u00e9se t\u00f6bb oldalr\u00f3l is megvil\u00e1g\u00edtja a k\u00e9rd\u00e9st. Ha inform\u00e1ci\u00f3ra van sz\u00fcks\u00e9ge ha bizonytalan vagy csak egyszer\u0171en [&hellip;]<\/p>\n","protected":false},"author":2,"featured_media":0,"comment_status":"open","ping_status":"open","sticky":false,"template":"","format":"standard","meta":[],"categories":[24],"tags":[],"_links":{"self":[{"href":"http:\/\/archiv.szolnoktv.hu\/index.php?rest_route=\/wp\/v2\/posts\/30113"}],"collection":[{"href":"http:\/\/archiv.szolnoktv.hu\/index.php?rest_route=\/wp\/v2\/posts"}],"about":[{"href":"http:\/\/archiv.szolnoktv.hu\/index.php?rest_route=\/wp\/v2\/types\/post"}],"author":[{"embeddable":true,"href":"http:\/\/archiv.szolnoktv.hu\/index.php?rest_route=\/wp\/v2\/users\/2"}],"replies":[{"embeddable":true,"href":"http:\/\/archiv.szolnoktv.hu\/index.php?rest_route=%2Fwp%2Fv2%2Fcomments&post=30113"}],"version-history":[{"count":1,"href":"http:\/\/archiv.szolnoktv.hu\/index.php?rest_route=\/wp\/v2\/posts\/30113\/revisions"}],"predecessor-version":[{"id":30253,"href":"http:\/\/archiv.szolnoktv.hu\/index.php?rest_route=\/wp\/v2\/posts\/30113\/revisions\/30253"}],"wp:attachment":[{"href":"http:\/\/archiv.szolnoktv.hu\/index.php?rest_route=%2Fwp%2Fv2%2Fmedia&parent=30113"}],"wp:term":[{"taxonomy":"category","embeddable":true,"href":"http:\/\/archiv.szolnoktv.hu\/index.php?rest_route=%2Fwp%2Fv2%2Fcategories&post=30113"},{"taxonomy":"post_tag","embeddable":true,"href":"http:\/\/archiv.szolnoktv.hu\/index.php?rest_route=%2Fwp%2Fv2%2Ftags&post=30113"}],"curies":[{"name":"wp","href":"https:\/\/api.w.org\/{rel}","templated":true}]}}