{"id":30112,"date":"2008-01-22T09:51:32","date_gmt":"2008-01-22T09:51:32","guid":{"rendered":"http:\/\/archiv.szolnoktv.hu\/?p=30112"},"modified":"2021-11-17T11:05:25","modified_gmt":"2021-11-17T11:05:25","slug":"a-fogyasztokra-koncentral","status":"publish","type":"post","link":"http:\/\/archiv.szolnoktv.hu\/?p=30112","title":{"rendered":"A fogyaszt\u00f3kra koncentr\u00e1l"},"content":{"rendered":"<div class='booster-block booster-read-block'><\/div><p>Tan\u00e1csad\u00e1s, t\u00e1j\u00e9koztat\u00e1s ingyen. A Fogyaszt\u00f3i Tan\u00e1csad\u00f3 Iroda c\u00e9lja a v\u00e1s\u00e1rl\u00f3k \u00e9rdekeinek v\u00e9delme. Az iroda munkat\u00e1rsai nem oldj\u00e1k meg a panaszosok gondjait, de seg\u00edtenek benne. R\u00f6gz\u00edtik a probl\u00e9m\u00e1kat \u00e9s tov\u00e1bb k\u00fcldik az illet\u00e9kes hat\u00f3s\u00e1gnak. Az iroda febru\u00e1r elsej\u00e9t&#245;l kezdi meg m&#251;k\u00f6d\u00e9s\u00e9t.<br \/>\nA Nemzeti Fogyaszt\u00f3v\u00e9delmi Hat\u00f3s\u00e1g \u00c9szak-alf\u00f6ldi Region\u00e1lis Fel\u00fcgyel&#245;s\u00e9ge, illetve a Fogyaszt\u00f3v\u00e9d&#245;k Magyarorsz\u00e1gi Egyes\u00fclete egy irod\u00e1t hozott l\u00e9tre Szolnokon, melynek c\u00e9lja, hogy hat\u00e9konyan t\u00e1j\u00e9koztassa \u00e9s tan\u00e1csokkal l\u00e1ssa el a fogyaszt\u00f3kat. \u00c9s hogy ez mit is jelent? Ha egy v\u00e1s\u00e1rl\u00f3nak p\u00e9ld\u00e1ul j\u00f3t\u00e1ll\u00e1si, vagy szavatoss\u00e1gi probl\u00e9m\u00e1ja mer\u00fclne fel, \u00e9s tan\u00e1cstalan, akkor nyugodtan fordulhat seg\u00edts\u00e9g\u00e9rt a Fogyaszt\u00f3i Tan\u00e1csad\u00f3 Irod\u00e1hoz. A hat\u00f3s\u00e1g, valamint az egyes\u00fclet egy\u00fcttm&#251;k\u00f6d\u00e9se nem most kezd&#245;d\u00f6tt. M\u00e1r Debrecenben is l\u00e9trehoztak egy ilyen irod\u00e1t. B\u00e1r a szolnoki tan\u00e1csad\u00f3 szervezet m\u00e9g csak most alakult, hasonl\u00f3 tev\u00e9kenys\u00e9ggel \u00e9vek \u00f3ta a B\u00e9k\u00e9ltet&#245; Test\u00fclet is foglalkozik. A Fogyaszt\u00f3i Tan\u00e1csad\u00f3 Iroda febru\u00e1r elsej\u00e9n nyit a Megyeh\u00e1za f\u00f6ldszintj\u00e9n. Szolg\u00e1ltat\u00e1saik ingyenesek \u00e9s h\u00e9tf&#245;t&#245;l, cs\u00fct\u00f6rt\u00f6kig, d\u00e9lel&#245;tt\u00f6nk\u00e9nt lehet ig\u00e9nybe venni.<\/p>\n","protected":false},"excerpt":{"rendered":"<p>Tan\u00e1csad\u00e1s, t\u00e1j\u00e9koztat\u00e1s ingyen. A Fogyaszt\u00f3i Tan\u00e1csad\u00f3 Iroda c\u00e9lja a v\u00e1s\u00e1rl\u00f3k \u00e9rdekeinek v\u00e9delme. Az iroda munkat\u00e1rsai nem oldj\u00e1k meg a panaszosok gondjait, de seg\u00edtenek benne. R\u00f6gz\u00edtik a probl\u00e9m\u00e1kat \u00e9s tov\u00e1bb k\u00fcldik az illet\u00e9kes hat\u00f3s\u00e1gnak. Az iroda febru\u00e1r elsej\u00e9t&#245;l kezdi meg m&#251;k\u00f6d\u00e9s\u00e9t. A Nemzeti Fogyaszt\u00f3v\u00e9delmi Hat\u00f3s\u00e1g \u00c9szak-alf\u00f6ldi Region\u00e1lis Fel\u00fcgyel&#245;s\u00e9ge, illetve a Fogyaszt\u00f3v\u00e9d&#245;k Magyarorsz\u00e1gi Egyes\u00fclete egy irod\u00e1t hozott [&hellip;]<\/p>\n","protected":false},"author":2,"featured_media":0,"comment_status":"open","ping_status":"open","sticky":false,"template":"","format":"standard","meta":[],"categories":[24],"tags":[],"_links":{"self":[{"href":"http:\/\/archiv.szolnoktv.hu\/index.php?rest_route=\/wp\/v2\/posts\/30112"}],"collection":[{"href":"http:\/\/archiv.szolnoktv.hu\/index.php?rest_route=\/wp\/v2\/posts"}],"about":[{"href":"http:\/\/archiv.szolnoktv.hu\/index.php?rest_route=\/wp\/v2\/types\/post"}],"author":[{"embeddable":true,"href":"http:\/\/archiv.szolnoktv.hu\/index.php?rest_route=\/wp\/v2\/users\/2"}],"replies":[{"embeddable":true,"href":"http:\/\/archiv.szolnoktv.hu\/index.php?rest_route=%2Fwp%2Fv2%2Fcomments&post=30112"}],"version-history":[{"count":1,"href":"http:\/\/archiv.szolnoktv.hu\/index.php?rest_route=\/wp\/v2\/posts\/30112\/revisions"}],"predecessor-version":[{"id":30254,"href":"http:\/\/archiv.szolnoktv.hu\/index.php?rest_route=\/wp\/v2\/posts\/30112\/revisions\/30254"}],"wp:attachment":[{"href":"http:\/\/archiv.szolnoktv.hu\/index.php?rest_route=%2Fwp%2Fv2%2Fmedia&parent=30112"}],"wp:term":[{"taxonomy":"category","embeddable":true,"href":"http:\/\/archiv.szolnoktv.hu\/index.php?rest_route=%2Fwp%2Fv2%2Fcategories&post=30112"},{"taxonomy":"post_tag","embeddable":true,"href":"http:\/\/archiv.szolnoktv.hu\/index.php?rest_route=%2Fwp%2Fv2%2Ftags&post=30112"}],"curies":[{"name":"wp","href":"https:\/\/api.w.org\/{rel}","templated":true}]}}