{"id":30111,"date":"2008-01-22T09:47:47","date_gmt":"2008-01-22T09:47:47","guid":{"rendered":"http:\/\/archiv.szolnoktv.hu\/?p=30111"},"modified":"2021-11-17T11:05:25","modified_gmt":"2021-11-17T11:05:25","slug":"megoszlottak-a-velemenyek","status":"publish","type":"post","link":"http:\/\/archiv.szolnoktv.hu\/?p=30111","title":{"rendered":"Megoszlottak a v\u00e9lem\u00e9nyek"},"content":{"rendered":"<div class='booster-block booster-read-block'><\/div><p>Megsz\u0171nhet az ingyen parkol\u00e1s. Fizet\u0151ss\u00e9 v\u00e1lhatnak a parkol\u00f3k a 10-es sz\u00e1m\u00fa v\u00e1laszt\u00f3k\u00f6rzetben. A k\u00f6zgy\u0171l\u00e9s err\u0151l janu\u00e1ri \u00fcl\u00e9s\u00e9n d\u00f6nt. Ma lakoss\u00e1gi f\u00f3rumon t\u00e1j\u00e9koztatt\u00e1k a k\u00f6rny\u00e9k lak\u00f3it a lehets\u00e9ges v\u00e1ltoz\u00e1sr\u00f3l.<br \/>\nA Bajcsyt\u00f3l a Liget \u00fatig minden parkol\u00f3 fizet\u0151ss\u00e9 v\u00e1lhat abban az esetben, ha a k\u00f6zgy\u0171l\u00e9s e havi \u00fcl\u00e9s\u00e9n megszavazza azt. A panelh\u00e1zak el\u0151tt kialak\u00edtott v\u00e1rakoz\u00f3helyeket els\u0151sorban azok haszn\u00e1lj\u00e1k, vagy haszn\u00e1ln\u00e1k, akik ott laknak. \u00c1m a Vas\u00fat\u00e1llom\u00e1s k\u00f6rny\u00e9k\u00e9n sokszor az sem ritka l\u00e1tv\u00e1ny, hogy egy egy aut\u00f3 ak\u00e1r napokig nem mozdul. A vonattal utaz\u00f3k, amennyiben azon a k\u00f6rny\u00e9ken mindenhol fizetni kell, nyilv\u00e1n m\u00e1s helyet v\u00e1lasztan\u00e1nak j\u00e1rm\u0171v\u00fcknek. A gar\u00e1zzsal nem rendelkez\u0151 lakosoknak azonban nem maradna sok v\u00e1laszt\u00e1suk. &#8220;Van aki azt mondja<br \/>\nhogy megold\u00e1s lehet<br \/>\nvan aki meg azt mondja<\/p>\n","protected":false},"excerpt":{"rendered":"<p>Megsz\u0171nhet az ingyen parkol\u00e1s. Fizet\u0151ss\u00e9 v\u00e1lhatnak a parkol\u00f3k a 10-es sz\u00e1m\u00fa v\u00e1laszt\u00f3k\u00f6rzetben. A k\u00f6zgy\u0171l\u00e9s err\u0151l janu\u00e1ri \u00fcl\u00e9s\u00e9n d\u00f6nt. Ma lakoss\u00e1gi f\u00f3rumon t\u00e1j\u00e9koztatt\u00e1k a k\u00f6rny\u00e9k lak\u00f3it a lehets\u00e9ges v\u00e1ltoz\u00e1sr\u00f3l. A Bajcsyt\u00f3l a Liget \u00fatig minden parkol\u00f3 fizet\u0151ss\u00e9 v\u00e1lhat abban az esetben, ha a k\u00f6zgy\u0171l\u00e9s e havi \u00fcl\u00e9s\u00e9n megszavazza azt. A panelh\u00e1zak el\u0151tt kialak\u00edtott v\u00e1rakoz\u00f3helyeket els\u0151sorban azok [&hellip;]<\/p>\n","protected":false},"author":2,"featured_media":0,"comment_status":"open","ping_status":"open","sticky":false,"template":"","format":"standard","meta":[],"categories":[24],"tags":[],"_links":{"self":[{"href":"http:\/\/archiv.szolnoktv.hu\/index.php?rest_route=\/wp\/v2\/posts\/30111"}],"collection":[{"href":"http:\/\/archiv.szolnoktv.hu\/index.php?rest_route=\/wp\/v2\/posts"}],"about":[{"href":"http:\/\/archiv.szolnoktv.hu\/index.php?rest_route=\/wp\/v2\/types\/post"}],"author":[{"embeddable":true,"href":"http:\/\/archiv.szolnoktv.hu\/index.php?rest_route=\/wp\/v2\/users\/2"}],"replies":[{"embeddable":true,"href":"http:\/\/archiv.szolnoktv.hu\/index.php?rest_route=%2Fwp%2Fv2%2Fcomments&post=30111"}],"version-history":[{"count":1,"href":"http:\/\/archiv.szolnoktv.hu\/index.php?rest_route=\/wp\/v2\/posts\/30111\/revisions"}],"predecessor-version":[{"id":30255,"href":"http:\/\/archiv.szolnoktv.hu\/index.php?rest_route=\/wp\/v2\/posts\/30111\/revisions\/30255"}],"wp:attachment":[{"href":"http:\/\/archiv.szolnoktv.hu\/index.php?rest_route=%2Fwp%2Fv2%2Fmedia&parent=30111"}],"wp:term":[{"taxonomy":"category","embeddable":true,"href":"http:\/\/archiv.szolnoktv.hu\/index.php?rest_route=%2Fwp%2Fv2%2Fcategories&post=30111"},{"taxonomy":"post_tag","embeddable":true,"href":"http:\/\/archiv.szolnoktv.hu\/index.php?rest_route=%2Fwp%2Fv2%2Ftags&post=30111"}],"curies":[{"name":"wp","href":"https:\/\/api.w.org\/{rel}","templated":true}]}}