{"id":30110,"date":"2008-01-22T09:45:04","date_gmt":"2008-01-22T09:45:04","guid":{"rendered":"http:\/\/archiv.szolnoktv.hu\/?p=30110"},"modified":"2021-11-17T11:05:26","modified_gmt":"2021-11-17T11:05:26","slug":"parkolo-palyan","status":"publish","type":"post","link":"http:\/\/archiv.szolnoktv.hu\/?p=30110","title":{"rendered":"Parkol\u00f3- p\u00e1ly\u00e1n"},"content":{"rendered":"<div class='booster-block booster-read-block'><\/div><p>T\u00f6bb fizet\u0151s parkol\u00f3, magasabb d\u00edjak. J\u00falius elsej\u00e9t\u0151l jelent\u0151s v\u00e1ltoz\u00e1sok l\u00e9pnek \u00e9letbe a szolnoki parkol\u00e1si rendben &#8211; felt\u00e9ve, hogy megszavazz\u00e1k ezt a K\u00f6zgy\u0171l\u00e9sen a k\u00e9pvisel\u0151k. A V\u00e1rosfejleszt\u00e9si Bizotts\u00e1g \u00fcl\u00e9s\u00e9n v\u00e9lem\u00e9nyezt\u00e9k a parkol\u00e1si rendelet m\u00f3dos\u00edt\u00e1s\u00e1rara vonatkoz\u00f3 el\u0151terjeszt\u00e9st.<br \/>\ntlagosan 26 sz\u00e1zal\u00e9k. Ennyivel emelkedhetnek a m\u00e1sodik f\u00e9l\u00e9vben Szolnokon a parkol\u00e1si \u00f3rad\u00edjak. A kiemelt, egyes d\u00edjz\u00f3n\u00e1ban 150 forint helyett 230 forint lesz az \u00f3r\u00e1nk\u00e9nti parkol\u00e1s, a kettes d\u00edjz\u00f3n\u00e1ban 130 forint helyett 160 &#8211; felt\u00e9ve, hogy ezt a K\u00f6zgy\u0171l\u00e9sen is t\u00e1mogatj\u00e1k a k\u00e9pvisel\u0151k. A V\u00e1sosfejleszt\u00e9si Bizotts\u00e1g el\u00e9 ker\u00fclt el\u0151terjeszt\u00e9s szerint egy eddig nem l\u00e9tez\u0151, harmadik d\u00edjz\u00f3n\u00e1t is kijel\u00f6lne a v\u00e1ros olyan ter\u00fcleteken, melyeken ma m\u00e9g ingyenes a parkol\u00e1s. Ez els\u0151sorban az Isp\u00e1n k\u00f6r\u00fati &#8220;nagy&#8221;&#8221; parkol\u00f3kat valamint a J\u00f3sika \u00fat \u00e9s k\u00f6rny\u00e9ki meg\u00e1ll\u00f3kat \u00e9rinti. Ebben az \u00f6vezetben -az el\u0151terjeszt\u00e9s szerint- 130 forint lesz az \u00f3rad\u00edj. Az \u00e1remel\u00e9ssel ki szeretn\u00e9k szor\u00edtani a g\u00e9pj\u00e1rm\u0171veket a belv\u00e1rosb\u00f3l -mondta k\u00e9rd\u00e9s\u00fcnkre a bizotts\u00e1g eln\u00f6ke. A k\u00f6zel 1500 \u00faj<br \/>\nfizet\u0151s parkol\u00f3hely kialak\u00edt\u00e1s\u00e1t a megk\u00e9rdezett g\u00e9pj\u00e1rm\u0171vezet\u0151k mindegyike t\u00e1mogatn\u00e1. Az \u00e1tlagosan 26 sz\u00e1zal\u00e9kos \u00e1remel\u00e9ssel a megk\u00e9rdezettek azonban nem \u00e9rtetek egyet. A bizotts\u00e1gi \u00fcl\u00e9sen elhangzott k\u00e9rd\u00e9sk\u00e9nt: V\u00e9geztek-e felm\u00e9r\u00e9st arra<br \/>\nhogy az igyenes parkol\u00f3helyeket kik haszn\u00e1lj\u00e1k t\u00f6bbs\u00e9g\u00e9ben? Az ott lak\u00f3k<\/p>\n","protected":false},"excerpt":{"rendered":"<p>T\u00f6bb fizet\u0151s parkol\u00f3, magasabb d\u00edjak. J\u00falius elsej\u00e9t\u0151l jelent\u0151s v\u00e1ltoz\u00e1sok l\u00e9pnek \u00e9letbe a szolnoki parkol\u00e1si rendben &#8211; felt\u00e9ve, hogy megszavazz\u00e1k ezt a K\u00f6zgy\u0171l\u00e9sen a k\u00e9pvisel\u0151k. A V\u00e1rosfejleszt\u00e9si Bizotts\u00e1g \u00fcl\u00e9s\u00e9n v\u00e9lem\u00e9nyezt\u00e9k a parkol\u00e1si rendelet m\u00f3dos\u00edt\u00e1s\u00e1rara vonatkoz\u00f3 el\u0151terjeszt\u00e9st. tlagosan 26 sz\u00e1zal\u00e9k. Ennyivel emelkedhetnek a m\u00e1sodik f\u00e9l\u00e9vben Szolnokon a parkol\u00e1si \u00f3rad\u00edjak. A kiemelt, egyes d\u00edjz\u00f3n\u00e1ban 150 forint helyett 230 [&hellip;]<\/p>\n","protected":false},"author":2,"featured_media":0,"comment_status":"open","ping_status":"open","sticky":false,"template":"","format":"standard","meta":[],"categories":[24],"tags":[],"_links":{"self":[{"href":"http:\/\/archiv.szolnoktv.hu\/index.php?rest_route=\/wp\/v2\/posts\/30110"}],"collection":[{"href":"http:\/\/archiv.szolnoktv.hu\/index.php?rest_route=\/wp\/v2\/posts"}],"about":[{"href":"http:\/\/archiv.szolnoktv.hu\/index.php?rest_route=\/wp\/v2\/types\/post"}],"author":[{"embeddable":true,"href":"http:\/\/archiv.szolnoktv.hu\/index.php?rest_route=\/wp\/v2\/users\/2"}],"replies":[{"embeddable":true,"href":"http:\/\/archiv.szolnoktv.hu\/index.php?rest_route=%2Fwp%2Fv2%2Fcomments&post=30110"}],"version-history":[{"count":1,"href":"http:\/\/archiv.szolnoktv.hu\/index.php?rest_route=\/wp\/v2\/posts\/30110\/revisions"}],"predecessor-version":[{"id":30256,"href":"http:\/\/archiv.szolnoktv.hu\/index.php?rest_route=\/wp\/v2\/posts\/30110\/revisions\/30256"}],"wp:attachment":[{"href":"http:\/\/archiv.szolnoktv.hu\/index.php?rest_route=%2Fwp%2Fv2%2Fmedia&parent=30110"}],"wp:term":[{"taxonomy":"category","embeddable":true,"href":"http:\/\/archiv.szolnoktv.hu\/index.php?rest_route=%2Fwp%2Fv2%2Fcategories&post=30110"},{"taxonomy":"post_tag","embeddable":true,"href":"http:\/\/archiv.szolnoktv.hu\/index.php?rest_route=%2Fwp%2Fv2%2Ftags&post=30110"}],"curies":[{"name":"wp","href":"https:\/\/api.w.org\/{rel}","templated":true}]}}