{"id":30107,"date":"2008-01-21T19:45:16","date_gmt":"2008-01-21T19:45:16","guid":{"rendered":"http:\/\/archiv.szolnoktv.hu\/?p=30107"},"modified":"2021-11-17T11:05:26","modified_gmt":"2021-11-17T11:05:26","slug":"szemet-munka","status":"publish","type":"post","link":"http:\/\/archiv.szolnoktv.hu\/?p=30107","title":{"rendered":"Szem\u00e9t munka"},"content":{"rendered":"<div class='booster-block booster-read-block'><\/div><p>L\u00e1ngol\u00f3 hullad\u00e9kszigetek. Egy \u00e9v alatt annyi szelekt\u00edv hullad\u00e9kszigetet gy\u00fajtottak fel Szolnokon, mint az elm\u00falt t\u00edz \u00e9vben \u00f6sszesen. Az idei \u00e9v sem indul t\u00fal biztat\u00f3an: h\u00e1rom h\u00e9t alatt k\u00e9t rong\u00e1l\u00e1s t\u00f6rt\u00e9nt a v\u00e1rosban.<br \/>\nA szelekt\u00edv gy\u0171jt\u0151k felgy\u00fajt\u00e1sa egyre t\u00f6bbsz\u00f6r fordul el\u0151 Szolnokon. Janu\u00e1rban is volt m\u00e1r r\u00e1 p\u00e9lda.   &#8220;Lassan ezen m\u00e1r meg sem lehet lep\u0151dni<br \/>\nmert tavaly t\u00f6bb gy\u0171jt\u0151ed\u00e9nyt gy\u00fajtottak f\u00f6l<br \/>\nmint el\u0151tte t\u00edz \u00e9ven \u00e1t.&#8221;&#8221;- mondta Koh\u00e1ri Istv\u00e1n a Ramondis ZRt. kommunik\u00e1ci\u00f3s vezet\u0151je. \u00c1ltal\u00e1ban a pap\u00edrgy\u0171jt\u0151t gy\u00fajtj\u00e1k ki<\/p>\n","protected":false},"excerpt":{"rendered":"<p>L\u00e1ngol\u00f3 hullad\u00e9kszigetek. Egy \u00e9v alatt annyi szelekt\u00edv hullad\u00e9kszigetet gy\u00fajtottak fel Szolnokon, mint az elm\u00falt t\u00edz \u00e9vben \u00f6sszesen. Az idei \u00e9v sem indul t\u00fal biztat\u00f3an: h\u00e1rom h\u00e9t alatt k\u00e9t rong\u00e1l\u00e1s t\u00f6rt\u00e9nt a v\u00e1rosban. A szelekt\u00edv gy\u0171jt\u0151k felgy\u00fajt\u00e1sa egyre t\u00f6bbsz\u00f6r fordul el\u0151 Szolnokon. Janu\u00e1rban is volt m\u00e1r r\u00e1 p\u00e9lda. &#8220;Lassan ezen m\u00e1r meg sem lehet lep\u0151dni mert [&hellip;]<\/p>\n","protected":false},"author":2,"featured_media":0,"comment_status":"open","ping_status":"open","sticky":false,"template":"","format":"standard","meta":[],"categories":[24],"tags":[],"_links":{"self":[{"href":"http:\/\/archiv.szolnoktv.hu\/index.php?rest_route=\/wp\/v2\/posts\/30107"}],"collection":[{"href":"http:\/\/archiv.szolnoktv.hu\/index.php?rest_route=\/wp\/v2\/posts"}],"about":[{"href":"http:\/\/archiv.szolnoktv.hu\/index.php?rest_route=\/wp\/v2\/types\/post"}],"author":[{"embeddable":true,"href":"http:\/\/archiv.szolnoktv.hu\/index.php?rest_route=\/wp\/v2\/users\/2"}],"replies":[{"embeddable":true,"href":"http:\/\/archiv.szolnoktv.hu\/index.php?rest_route=%2Fwp%2Fv2%2Fcomments&post=30107"}],"version-history":[{"count":1,"href":"http:\/\/archiv.szolnoktv.hu\/index.php?rest_route=\/wp\/v2\/posts\/30107\/revisions"}],"predecessor-version":[{"id":30259,"href":"http:\/\/archiv.szolnoktv.hu\/index.php?rest_route=\/wp\/v2\/posts\/30107\/revisions\/30259"}],"wp:attachment":[{"href":"http:\/\/archiv.szolnoktv.hu\/index.php?rest_route=%2Fwp%2Fv2%2Fmedia&parent=30107"}],"wp:term":[{"taxonomy":"category","embeddable":true,"href":"http:\/\/archiv.szolnoktv.hu\/index.php?rest_route=%2Fwp%2Fv2%2Fcategories&post=30107"},{"taxonomy":"post_tag","embeddable":true,"href":"http:\/\/archiv.szolnoktv.hu\/index.php?rest_route=%2Fwp%2Fv2%2Ftags&post=30107"}],"curies":[{"name":"wp","href":"https:\/\/api.w.org\/{rel}","templated":true}]}}