{"id":30106,"date":"2008-01-21T19:43:01","date_gmt":"2008-01-21T19:43:01","guid":{"rendered":"http:\/\/archiv.szolnoktv.hu\/?p=30106"},"modified":"2021-11-17T11:05:26","modified_gmt":"2021-11-17T11:05:26","slug":"megelozheto-lenne","status":"publish","type":"post","link":"http:\/\/archiv.szolnoktv.hu\/?p=30106","title":{"rendered":"Megel\u0151zhet\u0151 lenne"},"content":{"rendered":"<div class='booster-block booster-read-block'><\/div><p>A mai nappal megkezd\u0151d\u00f6tt a m\u00e1sodik Eur\u00f3pai M\u00e9hnyakr\u00e1k Megel\u0151z\u00e9si H\u00e9t. Haz\u00e1nkban t\u00f6bb mint 500 ezer n\u0151 hal meg \u00e9vente m\u00e9hnyakr\u00e1kban, pedig rendszeres sz\u0171r\u0151vizsg\u00e1latokkal \u00e9s hat\u00e9kony olt\u00e1ssal megel\u0151zhet\u0151 a hal\u00e1los betegs\u00e9g kialakul\u00e1sa.<br \/>\nA r\u00e1ksz\u0171r\u00e9s l\u00e9nyege az, hogy olyan st\u00e1diumban fedezz\u00e9k fel a betegs\u00e9get, amikor m\u00e9g kezelhet\u0151, gy\u00f3gy\u00edthat\u00f3.   A betegbiztos\u00edt\u00e1s 3 \u00e9vente finansz\u00edrozza a sz\u0171r\u0151vizsg\u00e1latot, de az orvosok szerint \u00e9rdemes \u00e9vente sz\u0171r\u00e9sre j\u00e1rni, ugyanis a m\u00e9hnyakr\u00e1k a m\u00e1sodik leggyakoribb daganatos megbeteged\u00e9s a n\u0151k k\u00f6r\u00e9ben. Magyarorsz\u00e1gon \u00e9vente 5-600 ezer, megy\u00e9nkben pedig 25-30 n\u0151 h\u00e1l\u00e1t okozza ez a betegs\u00e9g. A betegs\u00e9g ellen m\u00e1r v\u00e9d\u0151olt\u00e1ssal is v\u00e9dekezhet\u00fcnk, amelyet \u00e9rdemes ak\u00e1r fiatalkorban beadatni. Ezzel megel\u0151zhet\u0151 a m\u00e9hnyakr\u00e1k, melynek kialakul\u00e1s\u00e1ban t\u00f6bbek k\u00f6z\u00f6tt v\u00edrusok j\u00e1tszanak szerepet. A hum\u00e1n papill\u00f3ma v\u00edrus k\u00e9t csal\u00e1dja okozza leggyakrabban a m\u00e9hnyakr\u00e1kot. Ez ellen a k\u00e9t t\u00f6rzs ellen alak\u00edtott\u00e1k ki a v\u00e9d\u0151olt\u00e1st. Az Orsz\u00e1gos Tisztiorvosi Hivatal Liliom-program c\u00edmen nyerem\u00e9nyj\u00e1t\u00e9kot ind\u00edtott, azoknak a h\u00f6lgyeknek, akik febru\u00e1r 15-\u00e9ig  kivizsg\u00e1ltatj\u00e1k magukat. A f\u0151nyerem\u00e9ny egy k\u00e9tszem\u00e9lyes finnorsz\u00e1gi utaz\u00e1s. A hivatal ezzel pr\u00f3b\u00e1lja felh\u00edvni a magyar n\u0151k figyelm\u00e9t a m\u00e9hnyakr\u00e1ksz\u0171r\u00e9s fontoss\u00e1g\u00e1ra.<\/p>\n","protected":false},"excerpt":{"rendered":"<p>A mai nappal megkezd\u0151d\u00f6tt a m\u00e1sodik Eur\u00f3pai M\u00e9hnyakr\u00e1k Megel\u0151z\u00e9si H\u00e9t. Haz\u00e1nkban t\u00f6bb mint 500 ezer n\u0151 hal meg \u00e9vente m\u00e9hnyakr\u00e1kban, pedig rendszeres sz\u0171r\u0151vizsg\u00e1latokkal \u00e9s hat\u00e9kony olt\u00e1ssal megel\u0151zhet\u0151 a hal\u00e1los betegs\u00e9g kialakul\u00e1sa. A r\u00e1ksz\u0171r\u00e9s l\u00e9nyege az, hogy olyan st\u00e1diumban fedezz\u00e9k fel a betegs\u00e9get, amikor m\u00e9g kezelhet\u0151, gy\u00f3gy\u00edthat\u00f3. A betegbiztos\u00edt\u00e1s 3 \u00e9vente finansz\u00edrozza a sz\u0171r\u0151vizsg\u00e1latot, de az [&hellip;]<\/p>\n","protected":false},"author":2,"featured_media":0,"comment_status":"open","ping_status":"open","sticky":false,"template":"","format":"standard","meta":[],"categories":[24],"tags":[],"_links":{"self":[{"href":"http:\/\/archiv.szolnoktv.hu\/index.php?rest_route=\/wp\/v2\/posts\/30106"}],"collection":[{"href":"http:\/\/archiv.szolnoktv.hu\/index.php?rest_route=\/wp\/v2\/posts"}],"about":[{"href":"http:\/\/archiv.szolnoktv.hu\/index.php?rest_route=\/wp\/v2\/types\/post"}],"author":[{"embeddable":true,"href":"http:\/\/archiv.szolnoktv.hu\/index.php?rest_route=\/wp\/v2\/users\/2"}],"replies":[{"embeddable":true,"href":"http:\/\/archiv.szolnoktv.hu\/index.php?rest_route=%2Fwp%2Fv2%2Fcomments&post=30106"}],"version-history":[{"count":1,"href":"http:\/\/archiv.szolnoktv.hu\/index.php?rest_route=\/wp\/v2\/posts\/30106\/revisions"}],"predecessor-version":[{"id":30260,"href":"http:\/\/archiv.szolnoktv.hu\/index.php?rest_route=\/wp\/v2\/posts\/30106\/revisions\/30260"}],"wp:attachment":[{"href":"http:\/\/archiv.szolnoktv.hu\/index.php?rest_route=%2Fwp%2Fv2%2Fmedia&parent=30106"}],"wp:term":[{"taxonomy":"category","embeddable":true,"href":"http:\/\/archiv.szolnoktv.hu\/index.php?rest_route=%2Fwp%2Fv2%2Fcategories&post=30106"},{"taxonomy":"post_tag","embeddable":true,"href":"http:\/\/archiv.szolnoktv.hu\/index.php?rest_route=%2Fwp%2Fv2%2Ftags&post=30106"}],"curies":[{"name":"wp","href":"https:\/\/api.w.org\/{rel}","templated":true}]}}